{"id":3541,"date":"2026-04-24T20:29:12","date_gmt":"2026-04-24T18:29:12","guid":{"rendered":"https:\/\/evang.si\/?p=3541"},"modified":"2026-04-26T10:55:34","modified_gmt":"2026-04-26T08:55:34","slug":"predaja-donacije-podarimo-knjigo-schenken-wir-bucher","status":"publish","type":"post","link":"https:\/\/evang.si\/de\/2026\/04\/24\/predaja-donacije-podarimo-knjigo-schenken-wir-bucher\/","title":{"rendered":"Predaja donacije knjig akcije Podarimo knjige \u2013 Schenken wir B\u00fccher"},"content":{"rendered":"<p>V sredo, 22. aprila 2026, sta v Evangeli\u010danskem centru Murska Sobota avstrijski veleposlanik v Sloveniji dr. Konrad B\u00fchler in Mohorjeva dru\u017eba v Celovcu na\u0161i Cerkvi predala donacijo knjig v vrednosti 4.000 EUR, za kar je simboli\u010dno predajo \u0161kof dr. Aleksander Erni\u0161a prejel 10. marca v Ljubljani. Knjige so \u0161kofu dr. Aleksandru Erni\u0161i in biv\u0161emu \u0161kofu mag. Leonu Novaku predali avstrijski veleposlanik dr. Konrad B\u00fchler, vodja Mohorjeve zalo\u017ebe Celovec Hanzi Filipi\u010d, urednik mag. Roman Till ter \u017eupan Mestne ob\u010dine Murske Sobote Damjan An\u017eelj, mag. Akcija je rezultat dolgoletnega sodelovanja med Republiko Avstrijo in Mohorjevo dru\u017ebo v Celovcu, ki \u017ee 25 let podarja knjige razli\u010dnim prejemnikom; letos so jih poleg na\u0161e Cerkve podarili \u0161e sedmim prejemnikom v skupni vrednosti 50.000 EUR, v Prekmurju \u0161e Svetu romske skupnosti. Namen te akcije je spodbujati bralno kulturo in vse\u017eivljenjsko u\u010denje ter z izbranimi knji\u017enimi vsebinami osvetljevati zgodovinske in kulturne sti\u010dne to\u010dke med slovenskim in avstrijskim prostorom.<\/p>\n<p>Na tiskovni konferenci se je \u0161kof dr. Aleksander Erni\u0161a v imenu Evangeli\u010danske cerkve iskreno zahvalil za to visoko donacijo knjig, ki bodo \u0161le po vseh cerkvenih ob\u010dinah med ljudi vseh generacij, saj izbor vklju\u010duje tako otro\u0161ke in mladinske kot stvarne in leposlovne knjige.<\/p>\n<p>Vodja Mohorjeve dru\u017ebe mag. Hanzi Filipi\u010d je izrazil veselje, da je letos med prejemniki donacije knjig tudi Evangeli\u010danska cerkev, saj sta tako Katoli\u0161ka kot Evangeli\u010danska cerkev mo\u010dno povezani s knjigo in posebej poudaril pomen reformatorjev s prevodi knjig v slovenski jezik, Svetega pisma in ostalih, kajti brez njih jezik ne bi bil tak\u0161en kot je. Izpostavil je pomen slovenskega jezika za koro\u0161ke Slovence in pomen Mohorjeve dru\u017ebe v Celovcu kot most med kulturo in literaturo obeh dr\u017eav.<\/p>\n<p>Veleposlanik dr. Konrad B\u00fchler je poudaril pomen knjige v digitalni dobi zlasti za mlaj\u0161o generacijo, da kljub vsem informacijam s spleta in dru\u017ebenih omre\u017eij otroci berejo tudi knjige. Pomembno je, da knjiga ostaja klju\u010dni nosilec znanja in kulture.<\/p>\n<p>Tudi \u017eupan Mestne ob\u010dine Damjan An\u017eelj, mag., je poudaril pomen bralne kulture, \u0161e posebej pri mlaj\u0161i generaciji, saj internet ne more nadomestiti znanja, ki nam ga ponujajo knjige.<\/p>\n<p>Pred za\u010detkom tiskovne konference je zbranim gostom bilo predstavljeno delovanje in poslanstvo Evangeli\u010danske cerkve, kar je pripravil biv\u0161i \u0161kof mag. Leon Novak, zatem pa je sledilo spro\u0161\u010deno dru\u017eenje ob kavi, kjer se je v prijetnem vzdu\u0161ju nadaljeval pogovor o vlogi Cerkve in pomenu branja v maternem jeziku kot temeljni kulturni vrednoti.<\/p>\n<p><a href=\"https:\/\/evang.si\/wp-content\/uploads\/2026\/04\/20260422_111358-scaled.jpg\"><img loading=\"lazy\" src=\"https:\/\/evang.si\/wp-content\/uploads\/2026\/04\/20260422_111358-150x150.jpg\" alt=\"\" width=\"150\" height=\"150\" class=\"alignleft wp-image-3544 size-thumbnail\" srcset=\"https:\/\/evang.si\/wp-content\/uploads\/2026\/04\/20260422_111358-150x150.jpg 150w, https:\/\/evang.si\/wp-content\/uploads\/2026\/04\/20260422_111358-300x300.jpg 300w, https:\/\/evang.si\/wp-content\/uploads\/2026\/04\/20260422_111358-400x400.jpg 400w\" sizes=\"(max-width: 150px) 100vw, 150px\" \/><\/a> <a href=\"https:\/\/evang.si\/wp-content\/uploads\/2026\/04\/20260422_113147-scaled.jpg\"><img loading=\"lazy\" src=\"https:\/\/evang.si\/wp-content\/uploads\/2026\/04\/20260422_113147-150x150.jpg\" alt=\"\" width=\"150\" height=\"150\" class=\"alignleft wp-image-3545 size-thumbnail\" srcset=\"https:\/\/evang.si\/wp-content\/uploads\/2026\/04\/20260422_113147-150x150.jpg 150w, https:\/\/evang.si\/wp-content\/uploads\/2026\/04\/20260422_113147-300x300.jpg 300w, https:\/\/evang.si\/wp-content\/uploads\/2026\/04\/20260422_113147-400x400.jpg 400w\" sizes=\"(max-width: 150px) 100vw, 150px\" \/><\/a> <a href=\"https:\/\/evang.si\/wp-content\/uploads\/2026\/04\/20260423_094719-scaled.jpg\"><img loading=\"lazy\" src=\"https:\/\/evang.si\/wp-content\/uploads\/2026\/04\/20260423_094719-150x150.jpg\" alt=\"\" width=\"150\" height=\"150\" class=\"alignleft wp-image-3546 size-thumbnail\" srcset=\"https:\/\/evang.si\/wp-content\/uploads\/2026\/04\/20260423_094719-150x150.jpg 150w, https:\/\/evang.si\/wp-content\/uploads\/2026\/04\/20260423_094719-300x300.jpg 300w, https:\/\/evang.si\/wp-content\/uploads\/2026\/04\/20260423_094719-400x400.jpg 400w\" sizes=\"(max-width: 150px) 100vw, 150px\" \/><\/a> <a href=\"https:\/\/evang.si\/wp-content\/uploads\/2026\/04\/20260422_104935-scaled.jpg\"><img loading=\"lazy\" src=\"https:\/\/evang.si\/wp-content\/uploads\/2026\/04\/20260422_104935-150x150.jpg\" alt=\"\" width=\"150\" height=\"150\" class=\"alignleft wp-image-3547 size-thumbnail\" srcset=\"https:\/\/evang.si\/wp-content\/uploads\/2026\/04\/20260422_104935-150x150.jpg 150w, https:\/\/evang.si\/wp-content\/uploads\/2026\/04\/20260422_104935-300x300.jpg 300w, https:\/\/evang.si\/wp-content\/uploads\/2026\/04\/20260422_104935-400x400.jpg 400w\" sizes=\"(max-width: 150px) 100vw, 150px\" \/><\/a> <a href=\"https:\/\/evang.si\/wp-content\/uploads\/2026\/04\/20260422_112002-scaled.jpg\"><img loading=\"lazy\" src=\"https:\/\/evang.si\/wp-content\/uploads\/2026\/04\/20260422_112002-150x150.jpg\" alt=\"\" width=\"150\" height=\"150\" class=\"alignleft wp-image-3550 size-thumbnail\" srcset=\"https:\/\/evang.si\/wp-content\/uploads\/2026\/04\/20260422_112002-150x150.jpg 150w, https:\/\/evang.si\/wp-content\/uploads\/2026\/04\/20260422_112002-300x300.jpg 300w, https:\/\/evang.si\/wp-content\/uploads\/2026\/04\/20260422_112002-400x400.jpg 400w\" sizes=\"(max-width: 150px) 100vw, 150px\" \/><\/a><\/p>","protected":false},"excerpt":{"rendered":"<p>V sredo, 22. aprila 2026, sta v Evangeli\u010danskem centru Murska Sobota avstrijski veleposlanik v Sloveniji dr. Konrad B\u00fchler in Mohorjeva dru\u017eba v Celovcu na\u0161i Cerkvi predala donacijo knjig v vrednosti 4.000 EUR, za kar je simboli\u010dno predajo \u0161kof dr. Aleksander Erni\u0161a prejel 10. marca v Ljubljani. Knjige so \u0161kofu dr. Aleksandru Erni\u0161i in biv\u0161emu \u0161kofu<\/p>","protected":false},"author":5,"featured_media":3543,"comment_status":"open","ping_status":"closed","sticky":false,"template":"","format":"standard","meta":[],"categories":[8],"tags":[],"_links":{"self":[{"href":"https:\/\/evang.si\/de\/wp-json\/wp\/v2\/posts\/3541"}],"collection":[{"href":"https:\/\/evang.si\/de\/wp-json\/wp\/v2\/posts"}],"about":[{"href":"https:\/\/evang.si\/de\/wp-json\/wp\/v2\/types\/post"}],"author":[{"embeddable":true,"href":"https:\/\/evang.si\/de\/wp-json\/wp\/v2\/users\/5"}],"replies":[{"embeddable":true,"href":"https:\/\/evang.si\/de\/wp-json\/wp\/v2\/comments?post=3541"}],"version-history":[{"count":7,"href":"https:\/\/evang.si\/de\/wp-json\/wp\/v2\/posts\/3541\/revisions"}],"predecessor-version":[{"id":3555,"href":"https:\/\/evang.si\/de\/wp-json\/wp\/v2\/posts\/3541\/revisions\/3555"}],"wp:featuredmedia":[{"embeddable":true,"href":"https:\/\/evang.si\/de\/wp-json\/wp\/v2\/media\/3543"}],"wp:attachment":[{"href":"https:\/\/evang.si\/de\/wp-json\/wp\/v2\/media?parent=3541"}],"wp:term":[{"taxonomy":"category","embeddable":true,"href":"https:\/\/evang.si\/de\/wp-json\/wp\/v2\/categories?post=3541"},{"taxonomy":"post_tag","embeddable":true,"href":"https:\/\/evang.si\/de\/wp-json\/wp\/v2\/tags?post=3541"}],"curies":[{"name":"wp","href":"https:\/\/api.w.org\/{rel}","templated":true}]}}