{"id":3328,"date":"2025-12-24T12:08:20","date_gmt":"2025-12-24T11:08:20","guid":{"rendered":"https:\/\/evang.si\/?p=3328"},"modified":"2025-12-24T12:15:31","modified_gmt":"2025-12-24T11:15:31","slug":"voscilo-predsedstva-evangelicanske-cerkve-av-v-republiki-sloveniji","status":"publish","type":"post","link":"https:\/\/evang.si\/de\/2025\/12\/24\/voscilo-predsedstva-evangelicanske-cerkve-av-v-republiki-sloveniji\/","title":{"rendered":"Vo\u0161\u010dilo predsedstva Evangeli\u010danske cerkve AV v Republiki Sloveniji"},"content":{"rendered":"<p><a href=\"https:\/\/evang.si\/wp-content\/uploads\/2017\/03\/EC_Voscilnica_2026.jpg\"><img loading=\"lazy\" src=\"https:\/\/evang.si\/wp-content\/uploads\/2017\/03\/EC_Voscilnica_2026-300x213.jpg\" alt=\"\" width=\"300\" height=\"213\" class=\"alignleft wp-image-3325 size-medium\" srcset=\"https:\/\/evang.si\/wp-content\/uploads\/2017\/03\/EC_Voscilnica_2026-300x213.jpg 300w, https:\/\/evang.si\/wp-content\/uploads\/2017\/03\/EC_Voscilnica_2026-768x545.jpg 768w, https:\/\/evang.si\/wp-content\/uploads\/2017\/03\/EC_Voscilnica_2026-1536x1090.jpg 1536w, https:\/\/evang.si\/wp-content\/uploads\/2017\/03\/EC_Voscilnica_2026-18x12.jpg 18w, https:\/\/evang.si\/wp-content\/uploads\/2017\/03\/EC_Voscilnica_2026-624x443.jpg 624w, https:\/\/evang.si\/wp-content\/uploads\/2017\/03\/EC_Voscilnica_2026.jpg 1748w\" sizes=\"(max-width: 300px) 100vw, 300px\" \/><\/a><\/p>","protected":false},"excerpt":{"rendered":"","protected":false},"author":5,"featured_media":3335,"comment_status":"open","ping_status":"closed","sticky":false,"template":"","format":"standard","meta":[],"categories":[41],"tags":[],"_links":{"self":[{"href":"https:\/\/evang.si\/de\/wp-json\/wp\/v2\/posts\/3328"}],"collection":[{"href":"https:\/\/evang.si\/de\/wp-json\/wp\/v2\/posts"}],"about":[{"href":"https:\/\/evang.si\/de\/wp-json\/wp\/v2\/types\/post"}],"author":[{"embeddable":true,"href":"https:\/\/evang.si\/de\/wp-json\/wp\/v2\/users\/5"}],"replies":[{"embeddable":true,"href":"https:\/\/evang.si\/de\/wp-json\/wp\/v2\/comments?post=3328"}],"version-history":[{"count":4,"href":"https:\/\/evang.si\/de\/wp-json\/wp\/v2\/posts\/3328\/revisions"}],"predecessor-version":[{"id":3334,"href":"https:\/\/evang.si\/de\/wp-json\/wp\/v2\/posts\/3328\/revisions\/3334"}],"wp:featuredmedia":[{"embeddable":true,"href":"https:\/\/evang.si\/de\/wp-json\/wp\/v2\/media\/3335"}],"wp:attachment":[{"href":"https:\/\/evang.si\/de\/wp-json\/wp\/v2\/media?parent=3328"}],"wp:term":[{"taxonomy":"category","embeddable":true,"href":"https:\/\/evang.si\/de\/wp-json\/wp\/v2\/categories?post=3328"},{"taxonomy":"post_tag","embeddable":true,"href":"https:\/\/evang.si\/de\/wp-json\/wp\/v2\/tags?post=3328"}],"curies":[{"name":"wp","href":"https:\/\/api.w.org\/{rel}","templated":true}]}}