{"id":3306,"date":"2025-12-20T19:16:36","date_gmt":"2025-12-20T18:16:36","guid":{"rendered":"https:\/\/evang.si\/?p=3306"},"modified":"2025-12-20T19:17:37","modified_gmt":"2025-12-20T18:17:37","slug":"evangelicanski-koledar-za-leto-2026","status":"publish","type":"post","link":"https:\/\/evang.si\/de\/2025\/12\/20\/evangelicanski-koledar-za-leto-2026\/","title":{"rendered":"Evangeli\u010danski koledar za leto 2026"},"content":{"rendered":"<p>Iz\u0161la je letna publikacija Evangeli\u010danske cerkve AV v Republiki Sloveniji, to je Evangeli\u010danski koledar za leto 2026, ki podaja osrednja vpra\u0161anja duhovne in kulturne evangeli\u010danske kulturne dedi\u0161\u010dine ter je kot tak pomemben gradnik evangeli\u010danske tradicije, vrednot in identitete.<br \/>\nPo koledarskem delu in kronikah iz na\u0161ih 16 cerkvenih ob\u010din ter organizacij in dejavnostih, ki potekajo v okviru Cerkve, nas nagovarjajo tudi razli\u010dni prispevki, ki bodisi na eni strani osvetljujejo kulturno in cerkveno dedi\u0161\u010dino ter nas na drugi skozi duhovna razmi\u0161ljanja usmerjajo k poglobitvi odnosa z Bogom, prebujajo v nas hvale\u017enost in nas zbli\u017eujejo z Bogom, ki je veliko bli\u017eje, kot si mislimo. In prav v tej bli\u017eini \u010dlovek ne\u017eno odkrije, kako se v njem uresni\u010duje Bo\u017eja obljuba iz Razodetja (21, 5): <em>\u00bbGlej, vse delam novo\u00ab, <\/em>ki je tudi bibli\u010dno vodilo za leto 2026. Naslovnica z naslovom <em>Vrnitev sinov<\/em> je delo akademskega slikarja mag. Igorja Banfija.<\/p>\n<p>Evangeli\u010danski koledarji so na voljo na vseh uradih cerkvenih ob\u010din.<\/p>\n<p>Vabljeni k branju.<\/p>\n<p><a href=\"https:\/\/evang.si\/wp-content\/uploads\/2025\/12\/EK-2026-1-scaled.jpg\"><img loading=\"lazy\" src=\"https:\/\/evang.si\/wp-content\/uploads\/2025\/12\/EK-2026-1-180x300.jpg\" alt=\"\" width=\"180\" height=\"300\" class=\"alignleft wp-image-3318 size-medium\" srcset=\"https:\/\/evang.si\/wp-content\/uploads\/2025\/12\/EK-2026-1-180x300.jpg 180w, https:\/\/evang.si\/wp-content\/uploads\/2025\/12\/EK-2026-1-768x1283.jpg 768w, https:\/\/evang.si\/wp-content\/uploads\/2025\/12\/EK-2026-1-920x1536.jpg 920w, https:\/\/evang.si\/wp-content\/uploads\/2025\/12\/EK-2026-1-1226x2048.jpg 1226w, https:\/\/evang.si\/wp-content\/uploads\/2025\/12\/EK-2026-1-7x12.jpg 7w, https:\/\/evang.si\/wp-content\/uploads\/2025\/12\/EK-2026-1-624x1042.jpg 624w, https:\/\/evang.si\/wp-content\/uploads\/2025\/12\/EK-2026-1-scaled.jpg 1533w\" sizes=\"(max-width: 180px) 100vw, 180px\" \/><\/a><\/p>","protected":false},"excerpt":{"rendered":"<p>Iz\u0161la je letna publikacija Evangeli\u010danske cerkve AV v Republiki Sloveniji, to je Evangeli\u010danski koledar za leto 2026, ki podaja osrednja vpra\u0161anja duhovne in kulturne evangeli\u010danske kulturne dedi\u0161\u010dine ter je kot tak pomemben gradnik evangeli\u010danske tradicije, vrednot in identitete. Po koledarskem delu in kronikah iz na\u0161ih 16 cerkvenih ob\u010din ter organizacij in dejavnostih, ki potekajo v<\/p>","protected":false},"author":5,"featured_media":3317,"comment_status":"open","ping_status":"closed","sticky":false,"template":"","format":"standard","meta":[],"categories":[8],"tags":[],"_links":{"self":[{"href":"https:\/\/evang.si\/de\/wp-json\/wp\/v2\/posts\/3306"}],"collection":[{"href":"https:\/\/evang.si\/de\/wp-json\/wp\/v2\/posts"}],"about":[{"href":"https:\/\/evang.si\/de\/wp-json\/wp\/v2\/types\/post"}],"author":[{"embeddable":true,"href":"https:\/\/evang.si\/de\/wp-json\/wp\/v2\/users\/5"}],"replies":[{"embeddable":true,"href":"https:\/\/evang.si\/de\/wp-json\/wp\/v2\/comments?post=3306"}],"version-history":[{"count":6,"href":"https:\/\/evang.si\/de\/wp-json\/wp\/v2\/posts\/3306\/revisions"}],"predecessor-version":[{"id":3321,"href":"https:\/\/evang.si\/de\/wp-json\/wp\/v2\/posts\/3306\/revisions\/3321"}],"wp:featuredmedia":[{"embeddable":true,"href":"https:\/\/evang.si\/de\/wp-json\/wp\/v2\/media\/3317"}],"wp:attachment":[{"href":"https:\/\/evang.si\/de\/wp-json\/wp\/v2\/media?parent=3306"}],"wp:term":[{"taxonomy":"category","embeddable":true,"href":"https:\/\/evang.si\/de\/wp-json\/wp\/v2\/categories?post=3306"},{"taxonomy":"post_tag","embeddable":true,"href":"https:\/\/evang.si\/de\/wp-json\/wp\/v2\/tags?post=3306"}],"curies":[{"name":"wp","href":"https:\/\/api.w.org\/{rel}","templated":true}]}}