{"id":3251,"date":"2024-10-22T21:03:11","date_gmt":"2024-10-22T19:03:11","guid":{"rendered":"https:\/\/evang.si\/?p=3251"},"modified":"2025-10-22T21:04:05","modified_gmt":"2025-10-22T19:04:05","slug":"vabilo-na-svecano-bogosluzje","status":"publish","type":"post","link":"https:\/\/evang.si\/de\/2024\/10\/22\/vabilo-na-svecano-bogosluzje\/","title":{"rendered":"VABILO NA SVE\u010cANO BOGOSLU\u017dJE"},"content":{"rendered":"<p>z umestitvijo dr. Aleksandra Erni\u0161e za novega \u0161kofa Evangeli\u010danske cerkve AV v Republiki<br \/>\nSloveniji<br \/>\nin slovo od njegovega predhodnika \u0161kofa mag. Leona Novaka<br \/>\nter potrditev dosedanjega in\u0161pektorja Cerkve Bojana Prosi\u010da<\/p>\n<p>Nedelja, 30. november 2025, ob 14.00<br \/>\nEvangeli\u010danska cerkev Puconci, Puconci 100<\/p>\n<p><iframe loading=\"lazy\" src=\"https:\/\/docs.google.com\/forms\/d\/e\/1FAIpQLSfKbViqgBvd94y94psfTIizyDIYnj1Le-pbrZk-e-hB4zIApQ\/viewform?embedded=true\" width=\"640\" height=\"1464\" frameborder=\"0\" marginheight=\"0\" marginwidth=\"0\">Nalaganje \u2026<\/iframe><\/p>","protected":false},"excerpt":{"rendered":"<p>z umestitvijo dr. Aleksandra Erni\u0161e za novega \u0161kofa Evangeli\u010danske cerkve AV v Republiki Sloveniji in slovo od njegovega predhodnika \u0161kofa mag. Leona Novaka ter potrditev dosedanjega in\u0161pektorja Cerkve Bojana Prosi\u010da Nedelja, 30. november 2025, ob 14.00 Evangeli\u010danska cerkev Puconci, Puconci 100 Nalaganje \u2026<\/p>","protected":false},"author":1,"featured_media":0,"comment_status":"closed","ping_status":"closed","sticky":false,"template":"","format":"standard","meta":[],"categories":[8],"tags":[],"_links":{"self":[{"href":"https:\/\/evang.si\/de\/wp-json\/wp\/v2\/posts\/3251"}],"collection":[{"href":"https:\/\/evang.si\/de\/wp-json\/wp\/v2\/posts"}],"about":[{"href":"https:\/\/evang.si\/de\/wp-json\/wp\/v2\/types\/post"}],"author":[{"embeddable":true,"href":"https:\/\/evang.si\/de\/wp-json\/wp\/v2\/users\/1"}],"replies":[{"embeddable":true,"href":"https:\/\/evang.si\/de\/wp-json\/wp\/v2\/comments?post=3251"}],"version-history":[{"count":1,"href":"https:\/\/evang.si\/de\/wp-json\/wp\/v2\/posts\/3251\/revisions"}],"predecessor-version":[{"id":3252,"href":"https:\/\/evang.si\/de\/wp-json\/wp\/v2\/posts\/3251\/revisions\/3252"}],"wp:attachment":[{"href":"https:\/\/evang.si\/de\/wp-json\/wp\/v2\/media?parent=3251"}],"wp:term":[{"taxonomy":"category","embeddable":true,"href":"https:\/\/evang.si\/de\/wp-json\/wp\/v2\/categories?post=3251"},{"taxonomy":"post_tag","embeddable":true,"href":"https:\/\/evang.si\/de\/wp-json\/wp\/v2\/tags?post=3251"}],"curies":[{"name":"wp","href":"https:\/\/api.w.org\/{rel}","templated":true}]}}