{"id":3010,"date":"2025-01-14T21:29:24","date_gmt":"2025-01-14T20:29:24","guid":{"rendered":"https:\/\/evang.si\/?p=3010"},"modified":"2025-01-14T21:30:50","modified_gmt":"2025-01-14T20:30:50","slug":"evangelicanski-koledar-za-leto-2025","status":"publish","type":"post","link":"https:\/\/evang.si\/de\/2025\/01\/14\/evangelicanski-koledar-za-leto-2025\/","title":{"rendered":"Evangeli\u010danski koledar za leto 2025"},"content":{"rendered":"<p>V ponedeljek, 13. januarja, je bil na novinarski konferenci v Evangeli\u010danskem centru Murska Sobota predstavljen novi Evangeli\u010danski koledar za leto 2025, ki je iz\u0161el v mesecu decembru preteklega leta. Letno publikacijo Evangeli\u010danske cerkve AV v Sloveniji, ki je tokrat s 416 stranmi tudi najobse\u017enej\u0161a doslej v vsej svoji zgodovini izhajanja (od leta 1920 z nekaj vmesnimi prekinitvami) sta predstavila \u0161kof Evangeli\u010danske cerkve mag. Leon Novak in urednica koledarja dr. Klaudija Sedar.<\/p>\n<p>\u0160kof mag. Leon Novak je predstavil bibli\u010dno vodilo iz 1. Pisma Tesaloni\u010danom, ki se glasi: \u00bbVse preizku\u0161ajte in kar je dobro, obdr\u017eite.\u00ab (5, 21) Omenjeni citat, ki izhaja iz pisma apostola Pavla, je bil namenjen kristjanom v gr\u0161kem mestu Tesaloniki med njegovim misijonskim potovanjem, a je \u0161e kako aktualen v sedanjem \u010dasu, kot je poudaril \u0161kof mag. Leon Novak. Ob tem je izpostavil nemirni \u010das, v katerem se nahaja svet, vojne konflikte, naravne katastrofe, pomanjkanje hrane in drugih dobrin, pomembnih za \u017eivljenje. Vse to nas nagovarja, kot je poudaril, da odstranimo vse tisto, kar nas vodi v sovra\u0161tvo, nepravi\u010dnost, nevo\u0161\u010dljivost do so\u010dloveka, in spodbuja h Kristusovi zapovedi, da drug drugega ljubimo, spo\u0161tujemo, pomagamo in delamo v dobrobit vseh.<\/p>\n<p>Po uvodni meditaciji na bibli\u010dno vodilo \u0161kofa Evangeli\u010danske cerkve AV v Sloveniji mag. Leona Novaka je koledarski del z razmi\u0161ljanji duhovnikov in duhovnic na\u0161e Cerkve, temu pa sledita dva sklopa, kronike Cerkve, cerkvenih ob\u010din, njenih organizacij, mladinskega dela, duhovne oskrbe v Slovenski policiji in Slovenski vojski, v drugem pa so \u010dlanki, ki predstavljajo in pribli\u017eujejo dela reformacije in njenih avtorjev ter duhovna razmi\u0161ljanja v slovenskem in mad\u017earskem jeziku. Med \u010dlanki lahko beremo prevod Luthrove prilike o bogata\u0161u in ubogem Lazarju dr. Bo\u017eidarja Debenjaka, o versko-teolo\u0161ki fizionomiji Trubarjeve Cerkovne ordninge in Dalmatinove Biblije mag. Geze Fila, o tiskarni v Urachu s posebnim poudarkom na izdajah v italijanskem jeziku dr. Luke Ili\u0107a in Marije Wakounig, glasbi v protestantizmu Franca Kri\u017enarja, o neznani drugi izdaji molitvenika \u0160tevana Sijarta iz leta 1841 Francija Justa, slavnostni govori ob dnevu reformacije in \u0161e drugi. Na ravni Cerkve pa je preteklo leto poleg drugih dogodkov zagotovo pomembno zaznamovala izseljenska kulturna dedi\u0161\u010dina, katere del je na\u0161a Cerkev prejela od v letu 2023 zaprte evangeli\u010danske cerkve v Bethlehemu.<\/p>\n<p>Naslovnica je delo akademskega slikarja mag. Igorja Banfija iz cikla Hoja po vodi, ki s tem tudi prevzema umetni\u0161ko naslovno podobo Evangeli\u010danskega koledarja, za kar je vrsto let skrbel akademski slikar Nikolaj Beer, kateremu se mu ob tem z veliko hvale\u017enostjo zahvaljujemo za dolgoletno lepo sodelovanje. Vsekakor ostaja njegov pomemben prispevek v sklopu umetni\u0161kih del iz slikarske kolonije Primo\u017e Trubar Moravke Toplice (v letu 2024 je bila \u017ee 30. po vrsti), ki so vsako leto vklju\u010dene v publikacijo.<\/p>\n<p>Evangeli\u010danski koledar je na voljo na vseh uradih cerkvenih ob\u010din in sede\u017eu Zavoda Primo\u017ea Trubarja. Velika hvala velja avtorjem in avtoricam ter vsem, ki prepoznavajo pomen publikacije in podpirajo njeno izdajo.<\/p>\n<p>Fotografije: Moji Mediji<\/p>\n<p><a href=\"https:\/\/evang.si\/wp-content\/uploads\/2025\/01\/P1255155-scaled.jpg\"><img loading=\"lazy\" src=\"https:\/\/evang.si\/wp-content\/uploads\/2025\/01\/P1255155-300x197.jpg\" alt=\"\" width=\"300\" height=\"197\" class=\"alignleft wp-image-3016 size-medium\" srcset=\"https:\/\/evang.si\/wp-content\/uploads\/2025\/01\/P1255155-300x197.jpg 300w, https:\/\/evang.si\/wp-content\/uploads\/2025\/01\/P1255155-768x504.jpg 768w, https:\/\/evang.si\/wp-content\/uploads\/2025\/01\/P1255155-1536x1008.jpg 1536w, https:\/\/evang.si\/wp-content\/uploads\/2025\/01\/P1255155-2048x1344.jpg 2048w, https:\/\/evang.si\/wp-content\/uploads\/2025\/01\/P1255155-18x12.jpg 18w, https:\/\/evang.si\/wp-content\/uploads\/2025\/01\/P1255155-624x409.jpg 624w\" sizes=\"(max-width: 300px) 100vw, 300px\" \/><\/a> <img loading=\"lazy\" src=\"https:\/\/evang.si\/wp-content\/uploads\/2025\/01\/P1255174-300x200.jpg\" alt=\"\" width=\"300\" height=\"200\" class=\"alignleft size-medium wp-image-3017\" data-wp-editing=\"1\" srcset=\"https:\/\/evang.si\/wp-content\/uploads\/2025\/01\/P1255174-300x200.jpg 300w, https:\/\/evang.si\/wp-content\/uploads\/2025\/01\/P1255174-768x512.jpg 768w, https:\/\/evang.si\/wp-content\/uploads\/2025\/01\/P1255174-391x260.jpg 391w, https:\/\/evang.si\/wp-content\/uploads\/2025\/01\/P1255174-1536x1024.jpg 1536w, https:\/\/evang.si\/wp-content\/uploads\/2025\/01\/P1255174-2048x1365.jpg 2048w, https:\/\/evang.si\/wp-content\/uploads\/2025\/01\/P1255174-18x12.jpg 18w, https:\/\/evang.si\/wp-content\/uploads\/2025\/01\/P1255174-624x416.jpg 624w, https:\/\/evang.si\/wp-content\/uploads\/2025\/01\/P1255174-272x182.jpg 272w\" sizes=\"(max-width: 300px) 100vw, 300px\" \/><\/p>\n<p>&nbsp;<\/p>","protected":false},"excerpt":{"rendered":"<p>V ponedeljek, 13. januarja, je bil na novinarski konferenci v Evangeli\u010danskem centru Murska Sobota predstavljen novi Evangeli\u010danski koledar za leto 2025, ki je iz\u0161el v mesecu decembru preteklega leta. Letno publikacijo Evangeli\u010danske cerkve AV v Sloveniji, ki je tokrat s 416 stranmi tudi najobse\u017enej\u0161a doslej v vsej svoji zgodovini izhajanja (od leta 1920 z nekaj<\/p>","protected":false},"author":5,"featured_media":3020,"comment_status":"open","ping_status":"closed","sticky":false,"template":"","format":"standard","meta":[],"categories":[8],"tags":[],"_links":{"self":[{"href":"https:\/\/evang.si\/de\/wp-json\/wp\/v2\/posts\/3010"}],"collection":[{"href":"https:\/\/evang.si\/de\/wp-json\/wp\/v2\/posts"}],"about":[{"href":"https:\/\/evang.si\/de\/wp-json\/wp\/v2\/types\/post"}],"author":[{"embeddable":true,"href":"https:\/\/evang.si\/de\/wp-json\/wp\/v2\/users\/5"}],"replies":[{"embeddable":true,"href":"https:\/\/evang.si\/de\/wp-json\/wp\/v2\/comments?post=3010"}],"version-history":[{"count":6,"href":"https:\/\/evang.si\/de\/wp-json\/wp\/v2\/posts\/3010\/revisions"}],"predecessor-version":[{"id":3021,"href":"https:\/\/evang.si\/de\/wp-json\/wp\/v2\/posts\/3010\/revisions\/3021"}],"wp:featuredmedia":[{"embeddable":true,"href":"https:\/\/evang.si\/de\/wp-json\/wp\/v2\/media\/3020"}],"wp:attachment":[{"href":"https:\/\/evang.si\/de\/wp-json\/wp\/v2\/media?parent=3010"}],"wp:term":[{"taxonomy":"category","embeddable":true,"href":"https:\/\/evang.si\/de\/wp-json\/wp\/v2\/categories?post=3010"},{"taxonomy":"post_tag","embeddable":true,"href":"https:\/\/evang.si\/de\/wp-json\/wp\/v2\/tags?post=3010"}],"curies":[{"name":"wp","href":"https:\/\/api.w.org\/{rel}","templated":true}]}}