{"id":2998,"date":"2024-12-24T22:04:20","date_gmt":"2024-12-24T21:04:20","guid":{"rendered":"https:\/\/evang.si\/?p=2998"},"modified":"2024-12-24T22:11:21","modified_gmt":"2024-12-24T21:11:21","slug":"praznicno-voscilo-in-poslanica-skofa-mag-leona-novaka","status":"publish","type":"post","link":"https:\/\/evang.si\/de\/2024\/12\/24\/praznicno-voscilo-in-poslanica-skofa-mag-leona-novaka\/","title":{"rendered":"Prazni\u010dno vo\u0161\u010dilo in poslanica \u0161kofa mag. Leona Novaka"},"content":{"rendered":"<p><a href=\"https:\/\/www.youtube.com\/watch?v=Wg1Zi_eQcHE\">Bo\u017ei\u010dna poslanica mag. Leona Novaka, \u0161kofa Evangeli\u010danske cerkve AV v Republiki Sloveniji<\/a><\/p>","protected":false},"excerpt":{"rendered":"<p>Bo\u017ei\u010dna poslanica mag. Leona Novaka, \u0161kofa Evangeli\u010danske cerkve AV v Republiki Sloveniji<\/p>","protected":false},"author":5,"featured_media":3005,"comment_status":"open","ping_status":"closed","sticky":false,"template":"","format":"standard","meta":[],"categories":[41],"tags":[],"_links":{"self":[{"href":"https:\/\/evang.si\/de\/wp-json\/wp\/v2\/posts\/2998"}],"collection":[{"href":"https:\/\/evang.si\/de\/wp-json\/wp\/v2\/posts"}],"about":[{"href":"https:\/\/evang.si\/de\/wp-json\/wp\/v2\/types\/post"}],"author":[{"embeddable":true,"href":"https:\/\/evang.si\/de\/wp-json\/wp\/v2\/users\/5"}],"replies":[{"embeddable":true,"href":"https:\/\/evang.si\/de\/wp-json\/wp\/v2\/comments?post=2998"}],"version-history":[{"count":3,"href":"https:\/\/evang.si\/de\/wp-json\/wp\/v2\/posts\/2998\/revisions"}],"predecessor-version":[{"id":3006,"href":"https:\/\/evang.si\/de\/wp-json\/wp\/v2\/posts\/2998\/revisions\/3006"}],"wp:featuredmedia":[{"embeddable":true,"href":"https:\/\/evang.si\/de\/wp-json\/wp\/v2\/media\/3005"}],"wp:attachment":[{"href":"https:\/\/evang.si\/de\/wp-json\/wp\/v2\/media?parent=2998"}],"wp:term":[{"taxonomy":"category","embeddable":true,"href":"https:\/\/evang.si\/de\/wp-json\/wp\/v2\/categories?post=2998"},{"taxonomy":"post_tag","embeddable":true,"href":"https:\/\/evang.si\/de\/wp-json\/wp\/v2\/tags?post=2998"}],"curies":[{"name":"wp","href":"https:\/\/api.w.org\/{rel}","templated":true}]}}