{"id":2844,"date":"2024-09-19T22:10:43","date_gmt":"2024-09-19T20:10:43","guid":{"rendered":"https:\/\/evang.si\/?p=2844"},"modified":"2024-09-23T15:56:01","modified_gmt":"2024-09-23T13:56:01","slug":"razstava-izseljenska-kulturna-dediscina-iz-cerkve-sv-ivana-v-bethlehemu-v-pensilvaniji","status":"publish","type":"post","link":"https:\/\/evang.si\/de\/2024\/09\/19\/razstava-izseljenska-kulturna-dediscina-iz-cerkve-sv-ivana-v-bethlehemu-v-pensilvaniji\/","title":{"rendered":"Razstava izseljenska kulturna dedi\u0161\u010dina iz cerkve sv. Ivana v Bethlehemu v Pensilvaniji"},"content":{"rendered":"<p>V Evangeli\u010danskem centru Murska Sobota je Evangeli\u010danska cerkev AV v Sloveniji skupaj z Uradom Vlade RS za Slovence v zamejstvu in po svetu 9. septembra odprla razstavo o izseljenski kulturni dedi\u0161\u010dini iz v lanskem letu zaprte in prodane Slovenske evangeli\u010dansko-luteranske cerkve sv. Ivana v Bethlehemu, ki so jo zgradili prekmurski izseljenci v za\u010detku 20. stoletja in v njej vseskozi ohranjali cerkveno in kulturno dedi\u0161\u010dino, vklju\u010dno z maternim prekmurskim jezikom. Zbrane sta ob tej posebni prilo\u017enosti nagovorila \u0161kof Evangeli\u010danske cerkve mag. Leon Novak in podpredsednik Vlade RS in minister za Slovence v zamejstvu in po svetu Matej Ar\u010don, ki sta poudarila izjemno pomembnost ohranjanja izseljenske kulturne dedi\u0161\u010dine. \u0160kof Novak je orisal za\u010detke delovanja cerkvene ob\u010dine v Bethlehemu, njihovo prizadevanje za nadaljevanje verske tradicije v maternem jeziku, sodelovanje Evangeli\u010danske cerkve v Sloveniji s cerkveno ob\u010dino v Bethlehemu, tudi s pevskimi zbori in mladinsko izmenjavo ter koncem \u017eivahnega cerkvenega delovanja v cerkvi sv. Ivana v Bethlehemu, na katerem je sodeloval tudi sam. Minister Ar\u010don pa je poudaril, da se premalokrat zavedamo, kak\u0161ne dragocenosti imamo zunaj meja in pomembnost ohranjanja vezi s Slovenci, ki \u017eivijo izven domovine.<br \/>\nRazstavo z naslovom <em>Spomenek<\/em> v \u0161tirih sklopih na podlagi gradiva (pisne kulturne dedi\u0161\u010dine in cerkvenih predmetov), ki je v leto\u0161njem mesecu juliju prispelo v Mursko Soboto, je predstavila dr. Klaudija Sedar z Zavoda Primo\u017ea Trubarja, ki je v lanskem letu v Bethlehemu gradivo tudi popisala in odbrala. Ob razstavi v slovenskem in angle\u0161kem jeziku je iz\u0161el tudi dvojezi\u010dni katalog. Razstave se je udele\u017eilo ve\u010d sodelavcev z Urada, do pred kratkim generalna konzulka RS v Clevelandu Alenka Jerak, prvi predsednik Milan Ku\u010dan, minister za kohezijo in regionalni razvoj dr. Aleksander Jev\u0161ek, \u017eupan Mestne ob\u010dine Murska Sobota mag. Damjan An\u017eelj, nekdanji \u017eupan Mestne ob\u010dine Murska Sobota, njen \u010dastni ob\u010dan in podpisnik listine o pobratenju Andrej Geren\u010der, predsednik Slovenske izseljenske matice dr. Boris Jesih in \u0161tevilni drugi.<br \/>\nPosebna zahvala za vsestransko podporo velja Uradu Vlade RS za Slovence v zamejstvu in po svetu, podpredsedniku Vlade in ministru Mateju Ar\u010donu, do pred kratkim generalni konzulki v Clevelandu Alenki Jerak in Mestni ob\u010dini Murska Sobota.<\/p>\n<p><a href=\"https:\/\/365.rtvslo.si\/arhiv\/odmevi\/175071029?fbclid=IwY2xjawFas5FleHRuA2FlbQIxMQABHeK6sWNPKNgjwv-ljf47njBb0Grks7i_p3UQEd9cGFs1NYRXbYdj1yb9Tw_aem_-2Cx44YiF-mGJYvL31vuuQ\">Prispevek o razstavi na TV Slovenija 1<\/a><\/p>\n<p><a href=\"https:\/\/sloveniatimes.com\/40829\/heritage-of-slovenian-protestants-in-us-finds-new-home-in-prekmurje?fbclid=IwY2xjawFasUlleHRuA2FlbQIxMQABHd9LE8LM8cM_Oc9xzU0VzibzzeJ-9RZxZThqeQ7Ls9zVcHBgczUxiRPZSQ_aem_3zFd8pDSJzq_qJJUKO7TYQ\">O razstavi tudi v The Slovenia Times<\/a><\/p>\n<p><a href=\"https:\/\/evang.si\/wp-content\/uploads\/2024\/09\/20240909_171115-scaled.jpg\"><img loading=\"lazy\" src=\"https:\/\/evang.si\/wp-content\/uploads\/2024\/09\/20240909_171115-150x150.jpg\" alt=\"\" width=\"150\" height=\"150\" class=\"alignleft wp-image-2851 size-thumbnail\" srcset=\"https:\/\/evang.si\/wp-content\/uploads\/2024\/09\/20240909_171115-150x150.jpg 150w, https:\/\/evang.si\/wp-content\/uploads\/2024\/09\/20240909_171115-300x300.jpg 300w, https:\/\/evang.si\/wp-content\/uploads\/2024\/09\/20240909_171115-400x400.jpg 400w\" sizes=\"(max-width: 150px) 100vw, 150px\" \/><\/a> <a href=\"https:\/\/evang.si\/wp-content\/uploads\/2024\/09\/skof-scaled.jpg\"><img loading=\"lazy\" src=\"https:\/\/evang.si\/wp-content\/uploads\/2024\/09\/skof-150x150.jpg\" alt=\"\" width=\"150\" height=\"150\" class=\"alignleft wp-image-2852 size-thumbnail\" srcset=\"https:\/\/evang.si\/wp-content\/uploads\/2024\/09\/skof-150x150.jpg 150w, https:\/\/evang.si\/wp-content\/uploads\/2024\/09\/skof-300x300.jpg 300w, https:\/\/evang.si\/wp-content\/uploads\/2024\/09\/skof-400x400.jpg 400w\" sizes=\"(max-width: 150px) 100vw, 150px\" \/><\/a> <a href=\"https:\/\/evang.si\/wp-content\/uploads\/2024\/09\/minister.jpg\"><img loading=\"lazy\" src=\"https:\/\/evang.si\/wp-content\/uploads\/2024\/09\/minister-150x150.jpg\" alt=\"\" width=\"150\" height=\"150\" class=\"alignleft wp-image-2853 size-thumbnail\" srcset=\"https:\/\/evang.si\/wp-content\/uploads\/2024\/09\/minister-150x150.jpg 150w, https:\/\/evang.si\/wp-content\/uploads\/2024\/09\/minister-300x300.jpg 300w, https:\/\/evang.si\/wp-content\/uploads\/2024\/09\/minister-400x400.jpg 400w\" sizes=\"(max-width: 150px) 100vw, 150px\" \/><\/a> <a href=\"https:\/\/evang.si\/wp-content\/uploads\/2024\/09\/urad.jpg\"><img loading=\"lazy\" src=\"https:\/\/evang.si\/wp-content\/uploads\/2024\/09\/urad-150x150.jpg\" alt=\"\" width=\"150\" height=\"150\" class=\"alignleft wp-image-2854 size-thumbnail\" srcset=\"https:\/\/evang.si\/wp-content\/uploads\/2024\/09\/urad-150x150.jpg 150w, https:\/\/evang.si\/wp-content\/uploads\/2024\/09\/urad-300x300.jpg 300w, https:\/\/evang.si\/wp-content\/uploads\/2024\/09\/urad-400x400.jpg 400w\" sizes=\"(max-width: 150px) 100vw, 150px\" \/><\/a> <a href=\"https:\/\/evang.si\/wp-content\/uploads\/2024\/09\/20240909_171134-scaled.jpg\"><img loading=\"lazy\" src=\"https:\/\/evang.si\/wp-content\/uploads\/2024\/09\/20240909_171134-150x150.jpg\" alt=\"\" width=\"150\" height=\"150\" class=\"alignleft wp-image-2855 size-thumbnail\" srcset=\"https:\/\/evang.si\/wp-content\/uploads\/2024\/09\/20240909_171134-150x150.jpg 150w, https:\/\/evang.si\/wp-content\/uploads\/2024\/09\/20240909_171134-300x300.jpg 300w, https:\/\/evang.si\/wp-content\/uploads\/2024\/09\/20240909_171134-400x400.jpg 400w\" sizes=\"(max-width: 150px) 100vw, 150px\" \/><\/a> <a href=\"https:\/\/evang.si\/wp-content\/uploads\/2024\/09\/20240909_181455-scaled.jpg\"><img loading=\"lazy\" src=\"https:\/\/evang.si\/wp-content\/uploads\/2024\/09\/20240909_181455-150x150.jpg\" alt=\"\" width=\"150\" height=\"150\" class=\"alignleft wp-image-2856 size-thumbnail\" srcset=\"https:\/\/evang.si\/wp-content\/uploads\/2024\/09\/20240909_181455-150x150.jpg 150w, https:\/\/evang.si\/wp-content\/uploads\/2024\/09\/20240909_181455-300x300.jpg 300w, https:\/\/evang.si\/wp-content\/uploads\/2024\/09\/20240909_181455-400x400.jpg 400w\" sizes=\"(max-width: 150px) 100vw, 150px\" \/><\/a> <a href=\"https:\/\/evang.si\/wp-content\/uploads\/2024\/09\/moms.jpg\"><img loading=\"lazy\" src=\"https:\/\/evang.si\/wp-content\/uploads\/2024\/09\/moms-150x150.jpg\" alt=\"\" width=\"150\" height=\"150\" class=\"alignleft wp-image-2857 size-thumbnail\" srcset=\"https:\/\/evang.si\/wp-content\/uploads\/2024\/09\/moms-150x150.jpg 150w, https:\/\/evang.si\/wp-content\/uploads\/2024\/09\/moms-300x300.jpg 300w, https:\/\/evang.si\/wp-content\/uploads\/2024\/09\/moms-400x400.jpg 400w\" sizes=\"(max-width: 150px) 100vw, 150px\" \/><\/a> <a href=\"https:\/\/evang.si\/wp-content\/uploads\/2024\/09\/20240919_125928-scaled.jpg\"><img loading=\"lazy\" src=\"https:\/\/evang.si\/wp-content\/uploads\/2024\/09\/20240919_125928-150x150.jpg\" alt=\"\" width=\"150\" height=\"150\" class=\"alignleft wp-image-2858 size-thumbnail\" srcset=\"https:\/\/evang.si\/wp-content\/uploads\/2024\/09\/20240919_125928-150x150.jpg 150w, https:\/\/evang.si\/wp-content\/uploads\/2024\/09\/20240919_125928-300x300.jpg 300w, https:\/\/evang.si\/wp-content\/uploads\/2024\/09\/20240919_125928-400x400.jpg 400w\" sizes=\"(max-width: 150px) 100vw, 150px\" \/><\/a> <a href=\"https:\/\/evang.si\/wp-content\/uploads\/2024\/09\/miza.jpg\"><img loading=\"lazy\" src=\"https:\/\/evang.si\/wp-content\/uploads\/2024\/09\/miza-150x150.jpg\" alt=\"\" width=\"150\" height=\"150\" class=\"alignleft wp-image-2859 size-thumbnail\" srcset=\"https:\/\/evang.si\/wp-content\/uploads\/2024\/09\/miza-150x150.jpg 150w, https:\/\/evang.si\/wp-content\/uploads\/2024\/09\/miza-300x300.jpg 300w, https:\/\/evang.si\/wp-content\/uploads\/2024\/09\/miza-400x400.jpg 400w\" sizes=\"(max-width: 150px) 100vw, 150px\" \/><\/a> <a href=\"https:\/\/evang.si\/wp-content\/uploads\/2024\/09\/katalog-scaled.jpg\"><img loading=\"lazy\" src=\"https:\/\/evang.si\/wp-content\/uploads\/2024\/09\/katalog-150x150.jpg\" alt=\"\" width=\"150\" height=\"150\" class=\"alignleft wp-image-2860 size-thumbnail\" srcset=\"https:\/\/evang.si\/wp-content\/uploads\/2024\/09\/katalog-150x150.jpg 150w, https:\/\/evang.si\/wp-content\/uploads\/2024\/09\/katalog-300x300.jpg 300w, https:\/\/evang.si\/wp-content\/uploads\/2024\/09\/katalog-400x400.jpg 400w\" sizes=\"(max-width: 150px) 100vw, 150px\" \/><\/a><\/p>","protected":false},"excerpt":{"rendered":"<p>V Evangeli\u010danskem centru Murska Sobota je Evangeli\u010danska cerkev AV v Sloveniji skupaj z Uradom Vlade RS za Slovence v zamejstvu in po svetu 9. septembra odprla razstavo o izseljenski kulturni dedi\u0161\u010dini iz v lanskem letu zaprte in prodane Slovenske evangeli\u010dansko-luteranske cerkve sv. Ivana v Bethlehemu, ki so jo zgradili prekmurski izseljenci v za\u010detku 20. stoletja<\/p>","protected":false},"author":5,"featured_media":2864,"comment_status":"open","ping_status":"closed","sticky":false,"template":"","format":"standard","meta":[],"categories":[8],"tags":[],"_links":{"self":[{"href":"https:\/\/evang.si\/de\/wp-json\/wp\/v2\/posts\/2844"}],"collection":[{"href":"https:\/\/evang.si\/de\/wp-json\/wp\/v2\/posts"}],"about":[{"href":"https:\/\/evang.si\/de\/wp-json\/wp\/v2\/types\/post"}],"author":[{"embeddable":true,"href":"https:\/\/evang.si\/de\/wp-json\/wp\/v2\/users\/5"}],"replies":[{"embeddable":true,"href":"https:\/\/evang.si\/de\/wp-json\/wp\/v2\/comments?post=2844"}],"version-history":[{"count":8,"href":"https:\/\/evang.si\/de\/wp-json\/wp\/v2\/posts\/2844\/revisions"}],"predecessor-version":[{"id":2870,"href":"https:\/\/evang.si\/de\/wp-json\/wp\/v2\/posts\/2844\/revisions\/2870"}],"wp:featuredmedia":[{"embeddable":true,"href":"https:\/\/evang.si\/de\/wp-json\/wp\/v2\/media\/2864"}],"wp:attachment":[{"href":"https:\/\/evang.si\/de\/wp-json\/wp\/v2\/media?parent=2844"}],"wp:term":[{"taxonomy":"category","embeddable":true,"href":"https:\/\/evang.si\/de\/wp-json\/wp\/v2\/categories?post=2844"},{"taxonomy":"post_tag","embeddable":true,"href":"https:\/\/evang.si\/de\/wp-json\/wp\/v2\/tags?post=2844"}],"curies":[{"name":"wp","href":"https:\/\/api.w.org\/{rel}","templated":true}]}}