{"id":2782,"date":"2024-07-15T23:14:12","date_gmt":"2024-07-15T21:14:12","guid":{"rendered":"https:\/\/evang.si\/?p=2782"},"modified":"2024-08-10T14:34:41","modified_gmt":"2024-08-10T12:34:41","slug":"izseljenska-kulturna-dediscina-v-murski-soboti","status":"publish","type":"post","link":"https:\/\/evang.si\/de\/2024\/07\/15\/izseljenska-kulturna-dediscina-v-murski-soboti\/","title":{"rendered":"Izseljenska kulturna dedi\u0161\u010dina v Murski Soboti"},"content":{"rendered":"<p>Lansko leto smo poro\u010dali, da je bila Slovenska evangeli\u010danska cerkev sv. Ivana v Bethlehemu v Pensilvaniji, ki so jo zgradili prekmurski izseljenci na za\u010detku 20. stoletja, prodana Lehigh univerzi, cerkvena ob\u010dina pa se je zdru\u017eila z drugimi cerkvenimi ob\u010dinami. Pred zadnjim bogoslu\u017ejem, 24. marca 2023, je Klaudija Sedar z Zavoda Primo\u017ea Trubarja s podporo Urada Vlade RS za Slovence v zamejstvu in po svetu in Mestne ob\u010dine Murska Sobota odpotovala tja z namenom, da v arhivu cerkve sv. Ivana pregleda cerkveno gradivo, odbere del za Slovenijo in ga popi\u0161e, predvsem pisno dedi\u0161\u010dino v prekmur\u0161\u010dini. Pregled je potekal ob prisotnosti \u010dlanov tamkaj\u0161nje cerkvene ob\u010dine, ki so za nas namenili tudi nekaj drugega gradiva, kot je cerkveno posodje, umetni\u0161ke slike, prvi krstni kamen in drugo. Gradivo, ki je bilo odbrano za Slovenijo, se je zapakiralo v za\u0161\u010ditne folije in \u0161katle ter kon\u010dno prispelo v Mursko Soboto, na sede\u017e \u0161kofijskega urada, v petek, 12. julija 2024. Po\u0161iljka je prispela v veliki \u0161katli, ki smo jo uspe\u0161no raztovorili, krstni kamen \u017ee namestili v Evangeli\u010danski cerkvi Martina Luthra v Murski Soboti, ostalo pa bomo v naslednjih dneh razpakirali in ga pripravili za predstavitev, ki bo v septembru 2024.<\/p>\n<p>Posebna in velika zahvala, da je gradivo prispelo, velja Uradu Vlade RS za Slovence v zamejstvu in po svetu, ministru Mateju Ar\u010donu in sodelavcem\/sodelavkam, generalni konzulki v Clevelandu gospe Alenki Jerak, \u0161kofu mag. Leonu Novaku, ki je prav tako sodeloval pri pregledu in si prizadeval za prenos in seveda vsem iz Bethlehema, ki so nam gradivo namenili ter ga skrbno varovali sedaj in nasploh vsa ta leta. Vse to bomo skrbno varovali in hranili tudi mi.<\/p>\n<p>Prsipevek na TV SLO 1:\u00a0<a href=\"https:\/\/www.rtvslo.si\/kultura\/dediscina\/murskosoboska-evangelicanska-cerkev-bogatejsa-za-krstni-kamen-iz-pensilvanije\/716791?fbclid=IwY2xjawEkPERleHRuA2FlbQIxMQABHdLVBhUDTUmGNnZULf3rCm9esW37kXRa7JfKR-0EnF5scOmmvxMdx_Ueng_aem_sYuqmxgVPaV2jaYtD3oBiw\">Dragocena po\u0161iljka iz ZDA<\/a><\/p>\n<p><a href=\"https:\/\/evang.si\/wp-content\/uploads\/2024\/07\/tovornjak.jpg\"><img loading=\"lazy\" src=\"https:\/\/evang.si\/wp-content\/uploads\/2024\/07\/tovornjak-150x150.jpg\" alt=\"\" width=\"150\" height=\"150\" class=\"alignleft wp-image-2787 size-thumbnail\" srcset=\"https:\/\/evang.si\/wp-content\/uploads\/2024\/07\/tovornjak-150x150.jpg 150w, https:\/\/evang.si\/wp-content\/uploads\/2024\/07\/tovornjak-300x300.jpg 300w, https:\/\/evang.si\/wp-content\/uploads\/2024\/07\/tovornjak-400x400.jpg 400w\" sizes=\"(max-width: 150px) 100vw, 150px\" \/><\/a> <a href=\"https:\/\/evang.si\/wp-content\/uploads\/2024\/07\/skatla.jpg\"><img loading=\"lazy\" src=\"https:\/\/evang.si\/wp-content\/uploads\/2024\/07\/skatla-150x150.jpg\" alt=\"\" width=\"150\" height=\"150\" class=\"alignleft wp-image-2788 size-thumbnail\" srcset=\"https:\/\/evang.si\/wp-content\/uploads\/2024\/07\/skatla-150x150.jpg 150w, https:\/\/evang.si\/wp-content\/uploads\/2024\/07\/skatla-300x300.jpg 300w, https:\/\/evang.si\/wp-content\/uploads\/2024\/07\/skatla-400x400.jpg 400w\" sizes=\"(max-width: 150px) 100vw, 150px\" \/><\/a> <a href=\"https:\/\/evang.si\/wp-content\/uploads\/2024\/07\/skatla_odprto.jpg\"><img loading=\"lazy\" src=\"https:\/\/evang.si\/wp-content\/uploads\/2024\/07\/skatla_odprto-150x150.jpg\" alt=\"\" width=\"150\" height=\"150\" class=\"alignleft wp-image-2789 size-thumbnail\" srcset=\"https:\/\/evang.si\/wp-content\/uploads\/2024\/07\/skatla_odprto-150x150.jpg 150w, https:\/\/evang.si\/wp-content\/uploads\/2024\/07\/skatla_odprto-300x300.jpg 300w, https:\/\/evang.si\/wp-content\/uploads\/2024\/07\/skatla_odprto-400x400.jpg 400w\" sizes=\"(max-width: 150px) 100vw, 150px\" \/><\/a> <a href=\"https:\/\/evang.si\/wp-content\/uploads\/2024\/07\/skatla_gradivo.jpg\"><img loading=\"lazy\" src=\"https:\/\/evang.si\/wp-content\/uploads\/2024\/07\/skatla_gradivo-150x150.jpg\" alt=\"\" width=\"150\" height=\"150\" class=\"alignleft wp-image-2790 size-thumbnail\" srcset=\"https:\/\/evang.si\/wp-content\/uploads\/2024\/07\/skatla_gradivo-150x150.jpg 150w, https:\/\/evang.si\/wp-content\/uploads\/2024\/07\/skatla_gradivo-300x300.jpg 300w, https:\/\/evang.si\/wp-content\/uploads\/2024\/07\/skatla_gradivo-400x400.jpg 400w\" sizes=\"(max-width: 150px) 100vw, 150px\" \/><\/a> <a href=\"https:\/\/evang.si\/wp-content\/uploads\/2024\/07\/skatle-gradivo.jpg\"><img loading=\"lazy\" src=\"https:\/\/evang.si\/wp-content\/uploads\/2024\/07\/skatle-gradivo-150x150.jpg\" alt=\"\" width=\"150\" height=\"150\" class=\"alignleft wp-image-2791 size-thumbnail\" srcset=\"https:\/\/evang.si\/wp-content\/uploads\/2024\/07\/skatle-gradivo-150x150.jpg 150w, https:\/\/evang.si\/wp-content\/uploads\/2024\/07\/skatle-gradivo-300x300.jpg 300w, https:\/\/evang.si\/wp-content\/uploads\/2024\/07\/skatle-gradivo-400x400.jpg 400w\" sizes=\"(max-width: 150px) 100vw, 150px\" \/><\/a> <a href=\"https:\/\/evang.si\/wp-content\/uploads\/2024\/07\/kamen.jpg\"><img loading=\"lazy\" src=\"https:\/\/evang.si\/wp-content\/uploads\/2024\/07\/kamen-150x150.jpg\" alt=\"\" width=\"150\" height=\"150\" class=\"alignleft wp-image-2792 size-thumbnail\" srcset=\"https:\/\/evang.si\/wp-content\/uploads\/2024\/07\/kamen-150x150.jpg 150w, https:\/\/evang.si\/wp-content\/uploads\/2024\/07\/kamen-300x300.jpg 300w, https:\/\/evang.si\/wp-content\/uploads\/2024\/07\/kamen-400x400.jpg 400w\" sizes=\"(max-width: 150px) 100vw, 150px\" \/><\/a> <a href=\"https:\/\/evang.si\/wp-content\/uploads\/2024\/07\/kamenbeth.jpg\"><img loading=\"lazy\" src=\"https:\/\/evang.si\/wp-content\/uploads\/2024\/07\/kamenbeth-150x150.jpg\" alt=\"\" width=\"150\" height=\"150\" class=\"alignleft wp-image-2793 size-thumbnail\" srcset=\"https:\/\/evang.si\/wp-content\/uploads\/2024\/07\/kamenbeth-150x150.jpg 150w, https:\/\/evang.si\/wp-content\/uploads\/2024\/07\/kamenbeth-300x300.jpg 300w, https:\/\/evang.si\/wp-content\/uploads\/2024\/07\/kamenbeth-400x400.jpg 400w\" sizes=\"(max-width: 150px) 100vw, 150px\" \/><\/a><\/p>\n<p>&nbsp;<\/p>","protected":false},"excerpt":{"rendered":"<p>Lansko leto smo poro\u010dali, da je bila Slovenska evangeli\u010danska cerkev sv. Ivana v Bethlehemu v Pensilvaniji, ki so jo zgradili prekmurski izseljenci na za\u010detku 20. stoletja, prodana Lehigh univerzi, cerkvena ob\u010dina pa se je zdru\u017eila z drugimi cerkvenimi ob\u010dinami. Pred zadnjim bogoslu\u017ejem, 24. marca 2023, je Klaudija Sedar z Zavoda Primo\u017ea Trubarja s podporo Urada<\/p>","protected":false},"author":5,"featured_media":2785,"comment_status":"open","ping_status":"closed","sticky":false,"template":"","format":"standard","meta":[],"categories":[8],"tags":[],"_links":{"self":[{"href":"https:\/\/evang.si\/de\/wp-json\/wp\/v2\/posts\/2782"}],"collection":[{"href":"https:\/\/evang.si\/de\/wp-json\/wp\/v2\/posts"}],"about":[{"href":"https:\/\/evang.si\/de\/wp-json\/wp\/v2\/types\/post"}],"author":[{"embeddable":true,"href":"https:\/\/evang.si\/de\/wp-json\/wp\/v2\/users\/5"}],"replies":[{"embeddable":true,"href":"https:\/\/evang.si\/de\/wp-json\/wp\/v2\/comments?post=2782"}],"version-history":[{"count":11,"href":"https:\/\/evang.si\/de\/wp-json\/wp\/v2\/posts\/2782\/revisions"}],"predecessor-version":[{"id":2804,"href":"https:\/\/evang.si\/de\/wp-json\/wp\/v2\/posts\/2782\/revisions\/2804"}],"wp:featuredmedia":[{"embeddable":true,"href":"https:\/\/evang.si\/de\/wp-json\/wp\/v2\/media\/2785"}],"wp:attachment":[{"href":"https:\/\/evang.si\/de\/wp-json\/wp\/v2\/media?parent=2782"}],"wp:term":[{"taxonomy":"category","embeddable":true,"href":"https:\/\/evang.si\/de\/wp-json\/wp\/v2\/categories?post=2782"},{"taxonomy":"post_tag","embeddable":true,"href":"https:\/\/evang.si\/de\/wp-json\/wp\/v2\/tags?post=2782"}],"curies":[{"name":"wp","href":"https:\/\/api.w.org\/{rel}","templated":true}]}}