{"id":2770,"date":"2024-07-10T14:08:09","date_gmt":"2024-07-10T12:08:09","guid":{"rendered":"https:\/\/evang.si\/?p=2770"},"modified":"2024-07-29T22:56:10","modified_gmt":"2024-07-29T20:56:10","slug":"zahvala-obcine-gornji-grad-eho-podpornici","status":"publish","type":"post","link":"https:\/\/evang.si\/de\/2024\/07\/10\/zahvala-obcine-gornji-grad-eho-podpornici\/","title":{"rendered":"Zahvala Ob\u010dine Gornji Grad EHO &#8211; Podpornici"},"content":{"rendered":"<p>Na sve\u010dani osrednji proslavi ob ob\u010dinskem prazniku Ob\u010dine Gornji Grad, 28. junija 2024, je \u017eupan Ob\u010dine Gornji Grad Anton \u0160peh podelil tudi \u0161tevilna priznanja in zahvale za pomo\u010d pri odpravljanju posledic naravne katastrofe, ki je tudi to ob\u010dino mo\u010dno prizadela v lanskem avgustu. Zahvala je bila podeljena tudi na\u0161i humanitarni organizaciji Podpornica, ki je ob\u010danom Ob\u010dine Gornji Grad prisko\u010dila naproti na samem za\u010detku in jim pomagala s tistim, kar so v danih trenutkih najbolj potrebovali, od prehrambenih izdelkov v za\u010detku, izposoji razvla\u017eilnikov do razli\u010dnega ro\u010dnega orodja in stanovanjske opreme, ki jim je bila ob poplavah uni\u010dena. Zahvalo je v imenu predsednika EHO-Podpornice mag. Petra Andrej\u010d\u00e1ka prevzel \u0161kof Evangeli\u010danske cerkve mag. Leon Novak.<\/p>\n<p><a href=\"https:\/\/evang.si\/wp-content\/uploads\/2024\/07\/zahvalaGG_skof.jpg\"><img loading=\"lazy\" src=\"https:\/\/evang.si\/wp-content\/uploads\/2024\/07\/zahvalaGG_skof-150x150.jpg\" alt=\"\" width=\"150\" height=\"150\" class=\"alignleft wp-image-2775 size-thumbnail\" srcset=\"https:\/\/evang.si\/wp-content\/uploads\/2024\/07\/zahvalaGG_skof-150x150.jpg 150w, https:\/\/evang.si\/wp-content\/uploads\/2024\/07\/zahvalaGG_skof-300x300.jpg 300w, https:\/\/evang.si\/wp-content\/uploads\/2024\/07\/zahvalaGG_skof-400x400.jpg 400w\" sizes=\"(max-width: 150px) 100vw, 150px\" \/><\/a><a href=\"https:\/\/evang.si\/wp-content\/uploads\/2024\/07\/zahvalaGG.jpg\"><img loading=\"lazy\" src=\"https:\/\/evang.si\/wp-content\/uploads\/2024\/07\/zahvalaGG-150x150.jpg\" alt=\"\" width=\"150\" height=\"150\" class=\"alignleft wp-image-2772 size-thumbnail\" srcset=\"https:\/\/evang.si\/wp-content\/uploads\/2024\/07\/zahvalaGG-150x150.jpg 150w, https:\/\/evang.si\/wp-content\/uploads\/2024\/07\/zahvalaGG-300x300.jpg 300w, https:\/\/evang.si\/wp-content\/uploads\/2024\/07\/zahvalaGG-400x400.jpg 400w\" sizes=\"(max-width: 150px) 100vw, 150px\" \/><\/a><a href=\"https:\/\/evang.si\/wp-content\/uploads\/2024\/07\/eho_gornji_grad-scaled.jpg\"><img loading=\"lazy\" src=\"https:\/\/evang.si\/wp-content\/uploads\/2024\/07\/eho_gornji_grad-150x150.jpg\" alt=\"\" width=\"150\" height=\"150\" class=\"alignleft wp-image-2776 size-thumbnail\" srcset=\"https:\/\/evang.si\/wp-content\/uploads\/2024\/07\/eho_gornji_grad-150x150.jpg 150w, https:\/\/evang.si\/wp-content\/uploads\/2024\/07\/eho_gornji_grad-300x300.jpg 300w, https:\/\/evang.si\/wp-content\/uploads\/2024\/07\/eho_gornji_grad-400x400.jpg 400w\" sizes=\"(max-width: 150px) 100vw, 150px\" \/><\/a><\/p>","protected":false},"excerpt":{"rendered":"<p>Na sve\u010dani osrednji proslavi ob ob\u010dinskem prazniku Ob\u010dine Gornji Grad, 28. junija 2024, je \u017eupan Ob\u010dine Gornji Grad Anton \u0160peh podelil tudi \u0161tevilna priznanja in zahvale za pomo\u010d pri odpravljanju posledic naravne katastrofe, ki je tudi to ob\u010dino mo\u010dno prizadela v lanskem avgustu. Zahvala je bila podeljena tudi na\u0161i humanitarni organizaciji Podpornica, ki je ob\u010danom<\/p>","protected":false},"author":5,"featured_media":2772,"comment_status":"open","ping_status":"closed","sticky":false,"template":"","format":"standard","meta":[],"categories":[8],"tags":[],"_links":{"self":[{"href":"https:\/\/evang.si\/de\/wp-json\/wp\/v2\/posts\/2770"}],"collection":[{"href":"https:\/\/evang.si\/de\/wp-json\/wp\/v2\/posts"}],"about":[{"href":"https:\/\/evang.si\/de\/wp-json\/wp\/v2\/types\/post"}],"author":[{"embeddable":true,"href":"https:\/\/evang.si\/de\/wp-json\/wp\/v2\/users\/5"}],"replies":[{"embeddable":true,"href":"https:\/\/evang.si\/de\/wp-json\/wp\/v2\/comments?post=2770"}],"version-history":[{"count":8,"href":"https:\/\/evang.si\/de\/wp-json\/wp\/v2\/posts\/2770\/revisions"}],"predecessor-version":[{"id":2802,"href":"https:\/\/evang.si\/de\/wp-json\/wp\/v2\/posts\/2770\/revisions\/2802"}],"wp:featuredmedia":[{"embeddable":true,"href":"https:\/\/evang.si\/de\/wp-json\/wp\/v2\/media\/2772"}],"wp:attachment":[{"href":"https:\/\/evang.si\/de\/wp-json\/wp\/v2\/media?parent=2770"}],"wp:term":[{"taxonomy":"category","embeddable":true,"href":"https:\/\/evang.si\/de\/wp-json\/wp\/v2\/categories?post=2770"},{"taxonomy":"post_tag","embeddable":true,"href":"https:\/\/evang.si\/de\/wp-json\/wp\/v2\/tags?post=2770"}],"curies":[{"name":"wp","href":"https:\/\/api.w.org\/{rel}","templated":true}]}}