{"id":2705,"date":"2024-06-15T23:05:52","date_gmt":"2024-06-15T21:05:52","guid":{"rendered":"https:\/\/evang.si\/?p=2705"},"modified":"2024-06-17T13:35:47","modified_gmt":"2024-06-17T11:35:47","slug":"razstava-dragocenosti-s-poslanstvom","status":"publish","type":"post","link":"https:\/\/evang.si\/de\/2024\/06\/15\/razstava-dragocenosti-s-poslanstvom\/","title":{"rendered":"Razstava Dragocenosti s poslanstvom"},"content":{"rendered":"<p>V \u010detrtek, 13. junija 2024, sta Evangeli\u010danska cerkev AV v Sloveniji in Zavod Primo\u017ea Trubarja v Evangeli\u010danskem centru Murska Sobota z odprtjem razstave <em>Dragocenosti s poslanstvom<\/em> obele\u017eila 460. obletnico izida Cerkovne ordninge Primo\u017ea Trubarja ter 440. obletnico izida prevoda Svetega pisma v slovenski jezik Jurija Dalmatina in 440. obletnico izida slovnice slovenskega jezika Adama Bohori\u010da, ki so izjemni kulturni dose\u017eki slovenskih reformatorjev in dragocenosti s poslanstvom za vse case. Uvodoma sta zbrane nagovorila \u0161kof Evangeli\u010danske cerkve v Sloveniji mag. Leon Novak, ki je poudaril pomen omenjenih del, ki \u017ee dobrih 400 let nagovarjajo Slovence in Slovenke z Bo\u017ejo besedo, teologijo in Cerkvenim redom ter pravili in zna\u010dilnostmi na\u0161ega maternega jezika. Ta dela, kot je dodal, nam tudi danes nalagajo enako mero pobo\u017enosti, delovanja v \u010dast Bogu in dobrobit so\u010dloveku. Izrazil je tudi veliko zadovoljstvo za podporo Narodne in univerzitetne knji\u017enice (NUK), ki je za namen te razstave dala na ogled Dalmatinovo Biblijo in Bohori\u010devo slovnico v izvirniku ter faksimile Trubarjeve Cerkovne ordninge, saj izvirnika na razpolago v Sloveniji ni. Ravnatelj NUK Viljem Leban pa je izpostavil, da se premalo zavedamo pomena jezikovnih in kulturnih dose\u017ekov na\u0161ih prednikov in je tako z veseljem stopil nasproti pri prireditvi, ki slavi ta dela in na\u0161o kulturo.<\/p>\n<p>Sledila sta referata Matja\u017ea Lulika iz NUK in prej\u0161njega \u0161kofa mag. Geze Fila. Lulik je v prispevku <em>Pri\u010devalci o temeljih slovenske strokovne govorice v Narodni in univerzitetni knji\u017enici<\/em> skozi miselni svet tedanjega \u010dloveka, ki je svet dojemal veliko bolj religiozno kot danes, predstavil ta dela kot temeljna dela slovenskega knji\u017enega jezika in narodne zavesti, ki jih tudi hranijo v NUK. Mag. Filo pa je v prispevku <em>Versko-teolo\u0161ka fizionomija Trubarjevega Cerkvenega reda (1564) in Dalmatinovega prevoda Biblije (1584)<\/em> predstavil obe deli kot temelja slovenski Cerkvi in slovenski knji\u017eevnosti. Razstavljena dela in avtorje je predstavila dr. Klaudija Sedar. Dragocenosti s poslanstvom v izvirni obliki iz NUK, ki so le redkokdaj dostopna javnost bodo na ogled \u0161e do srede, 19. junija, potem pa bo razstava prestavljena v Evangeli\u010dansko cerkev Martina Luthra Murska Sobota.<\/p>\n<p>Prispevek o razstavi na TV SLO 1: <a href=\"https:\/\/365.rtvslo.si\/arhiv\/prvi-dnevnik\/175053103\">https:\/\/365.rtvslo.si\/arhiv\/prvi-dnevnik\/175053103<\/a><\/p>\n<p>&nbsp;<\/p>\n<p><a href=\"https:\/\/evang.si\/wp-content\/uploads\/2024\/06\/leon_drag.jpg\"><img loading=\"lazy\" src=\"https:\/\/evang.si\/wp-content\/uploads\/2024\/06\/leon_drag-150x150.jpg\" alt=\"\" width=\"150\" height=\"150\" class=\"alignleft wp-image-2709 size-thumbnail\" srcset=\"https:\/\/evang.si\/wp-content\/uploads\/2024\/06\/leon_drag-150x150.jpg 150w, https:\/\/evang.si\/wp-content\/uploads\/2024\/06\/leon_drag-300x300.jpg 300w, https:\/\/evang.si\/wp-content\/uploads\/2024\/06\/leon_drag-400x400.jpg 400w\" sizes=\"(max-width: 150px) 100vw, 150px\" \/><\/a> <a href=\"https:\/\/evang.si\/wp-content\/uploads\/2024\/06\/leban_drag.jpg\"><img loading=\"lazy\" src=\"https:\/\/evang.si\/wp-content\/uploads\/2024\/06\/leban_drag-150x150.jpg\" alt=\"\" width=\"150\" height=\"150\" class=\"alignleft wp-image-2710 size-thumbnail\" srcset=\"https:\/\/evang.si\/wp-content\/uploads\/2024\/06\/leban_drag-150x150.jpg 150w, https:\/\/evang.si\/wp-content\/uploads\/2024\/06\/leban_drag-300x300.jpg 300w, https:\/\/evang.si\/wp-content\/uploads\/2024\/06\/leban_drag-400x400.jpg 400w\" sizes=\"(max-width: 150px) 100vw, 150px\" \/><\/a> <a href=\"https:\/\/evang.si\/wp-content\/uploads\/2024\/06\/klaud_drag.jpg\"><img loading=\"lazy\" src=\"https:\/\/evang.si\/wp-content\/uploads\/2024\/06\/klaud_drag-150x150.jpg\" alt=\"\" width=\"150\" height=\"150\" class=\"alignleft wp-image-2711 size-thumbnail\" srcset=\"https:\/\/evang.si\/wp-content\/uploads\/2024\/06\/klaud_drag-150x150.jpg 150w, https:\/\/evang.si\/wp-content\/uploads\/2024\/06\/klaud_drag-300x300.jpg 300w, https:\/\/evang.si\/wp-content\/uploads\/2024\/06\/klaud_drag-400x400.jpg 400w\" sizes=\"(max-width: 150px) 100vw, 150px\" \/><\/a> <a href=\"https:\/\/evang.si\/wp-content\/uploads\/2024\/06\/lulik_drag.jpg\"><img loading=\"lazy\" src=\"https:\/\/evang.si\/wp-content\/uploads\/2024\/06\/lulik_drag-150x150.jpg\" alt=\"\" width=\"150\" height=\"150\" class=\"alignleft wp-image-2712 size-thumbnail\" srcset=\"https:\/\/evang.si\/wp-content\/uploads\/2024\/06\/lulik_drag-150x150.jpg 150w, https:\/\/evang.si\/wp-content\/uploads\/2024\/06\/lulik_drag-300x300.jpg 300w, https:\/\/evang.si\/wp-content\/uploads\/2024\/06\/lulik_drag-400x400.jpg 400w\" sizes=\"(max-width: 150px) 100vw, 150px\" \/><\/a> <a href=\"https:\/\/evang.si\/wp-content\/uploads\/2024\/06\/filo_drag.jpg\"><img loading=\"lazy\" src=\"https:\/\/evang.si\/wp-content\/uploads\/2024\/06\/filo_drag-150x150.jpg\" alt=\"\" width=\"150\" height=\"150\" class=\"alignleft wp-image-2713 size-thumbnail\" srcset=\"https:\/\/evang.si\/wp-content\/uploads\/2024\/06\/filo_drag-150x150.jpg 150w, https:\/\/evang.si\/wp-content\/uploads\/2024\/06\/filo_drag-300x300.jpg 300w, https:\/\/evang.si\/wp-content\/uploads\/2024\/06\/filo_drag-400x400.jpg 400w\" sizes=\"(max-width: 150px) 100vw, 150px\" \/><\/a> <a href=\"https:\/\/evang.si\/wp-content\/uploads\/2024\/06\/bibl_drag.jpg\"><img loading=\"lazy\" src=\"https:\/\/evang.si\/wp-content\/uploads\/2024\/06\/bibl_drag-150x150.jpg\" alt=\"\" width=\"150\" height=\"150\" class=\"alignleft wp-image-2714 size-thumbnail\" srcset=\"https:\/\/evang.si\/wp-content\/uploads\/2024\/06\/bibl_drag-150x150.jpg 150w, https:\/\/evang.si\/wp-content\/uploads\/2024\/06\/bibl_drag-300x300.jpg 300w, https:\/\/evang.si\/wp-content\/uploads\/2024\/06\/bibl_drag-400x400.jpg 400w\" sizes=\"(max-width: 150px) 100vw, 150px\" \/><\/a> <a href=\"https:\/\/evang.si\/wp-content\/uploads\/2024\/06\/publika.jpg\"><img loading=\"lazy\" src=\"https:\/\/evang.si\/wp-content\/uploads\/2024\/06\/publika-150x150.jpg\" alt=\"\" width=\"150\" height=\"150\" class=\"alignleft wp-image-2715 size-thumbnail\" srcset=\"https:\/\/evang.si\/wp-content\/uploads\/2024\/06\/publika-150x150.jpg 150w, https:\/\/evang.si\/wp-content\/uploads\/2024\/06\/publika-300x300.jpg 300w, https:\/\/evang.si\/wp-content\/uploads\/2024\/06\/publika-400x400.jpg 400w\" sizes=\"(max-width: 150px) 100vw, 150px\" \/><\/a> <a href=\"https:\/\/evang.si\/wp-content\/uploads\/2024\/06\/publik_drag.jpg\"><img loading=\"lazy\" src=\"https:\/\/evang.si\/wp-content\/uploads\/2024\/06\/publik_drag-150x150.jpg\" alt=\"\" width=\"150\" height=\"150\" class=\"alignleft wp-image-2716 size-thumbnail\" srcset=\"https:\/\/evang.si\/wp-content\/uploads\/2024\/06\/publik_drag-150x150.jpg 150w, https:\/\/evang.si\/wp-content\/uploads\/2024\/06\/publik_drag-300x300.jpg 300w, https:\/\/evang.si\/wp-content\/uploads\/2024\/06\/publik_drag-400x400.jpg 400w\" sizes=\"(max-width: 150px) 100vw, 150px\" \/><\/a> <a href=\"https:\/\/evang.si\/wp-content\/uploads\/2024\/06\/razstav_drag.jpg\"><img loading=\"lazy\" src=\"https:\/\/evang.si\/wp-content\/uploads\/2024\/06\/razstav_drag-150x150.jpg\" alt=\"\" width=\"150\" height=\"150\" class=\"alignleft wp-image-2717 size-thumbnail\" srcset=\"https:\/\/evang.si\/wp-content\/uploads\/2024\/06\/razstav_drag-150x150.jpg 150w, https:\/\/evang.si\/wp-content\/uploads\/2024\/06\/razstav_drag-300x300.jpg 300w, https:\/\/evang.si\/wp-content\/uploads\/2024\/06\/razstav_drag-400x400.jpg 400w\" sizes=\"(max-width: 150px) 100vw, 150px\" \/><\/a> <a href=\"https:\/\/evang.si\/wp-content\/uploads\/2024\/06\/vitrine_drag.jpg\"><img loading=\"lazy\" src=\"https:\/\/evang.si\/wp-content\/uploads\/2024\/06\/vitrine_drag-150x150.jpg\" alt=\"\" width=\"150\" height=\"150\" class=\"alignleft wp-image-2718 size-thumbnail\" srcset=\"https:\/\/evang.si\/wp-content\/uploads\/2024\/06\/vitrine_drag-150x150.jpg 150w, https:\/\/evang.si\/wp-content\/uploads\/2024\/06\/vitrine_drag-300x300.jpg 300w, https:\/\/evang.si\/wp-content\/uploads\/2024\/06\/vitrine_drag-400x400.jpg 400w\" sizes=\"(max-width: 150px) 100vw, 150px\" \/><\/a> <a href=\"https:\/\/evang.si\/wp-content\/uploads\/2024\/06\/cerkovna.jpg\"><img loading=\"lazy\" src=\"https:\/\/evang.si\/wp-content\/uploads\/2024\/06\/cerkovna-150x150.jpg\" alt=\"\" width=\"150\" height=\"150\" class=\"alignleft wp-image-2719 size-thumbnail\" srcset=\"https:\/\/evang.si\/wp-content\/uploads\/2024\/06\/cerkovna-150x150.jpg 150w, https:\/\/evang.si\/wp-content\/uploads\/2024\/06\/cerkovna-300x300.jpg 300w, https:\/\/evang.si\/wp-content\/uploads\/2024\/06\/cerkovna-400x400.jpg 400w\" sizes=\"(max-width: 150px) 100vw, 150px\" \/><\/a> <a href=\"https:\/\/evang.si\/wp-content\/uploads\/2024\/06\/razstav1_drag.jpg\"><img loading=\"lazy\" src=\"https:\/\/evang.si\/wp-content\/uploads\/2024\/06\/razstav1_drag-150x150.jpg\" alt=\"\" width=\"150\" height=\"150\" class=\"alignleft wp-image-2720 size-thumbnail\" srcset=\"https:\/\/evang.si\/wp-content\/uploads\/2024\/06\/razstav1_drag-150x150.jpg 150w, https:\/\/evang.si\/wp-content\/uploads\/2024\/06\/razstav1_drag-300x300.jpg 300w, https:\/\/evang.si\/wp-content\/uploads\/2024\/06\/razstav1_drag-400x400.jpg 400w\" sizes=\"(max-width: 150px) 100vw, 150px\" \/><\/a><\/p>","protected":false},"excerpt":{"rendered":"<p>V \u010detrtek, 13. junija 2024, sta Evangeli\u010danska cerkev AV v Sloveniji in Zavod Primo\u017ea Trubarja v Evangeli\u010danskem centru Murska Sobota z odprtjem razstave Dragocenosti s poslanstvom obele\u017eila 460. obletnico izida Cerkovne ordninge Primo\u017ea Trubarja ter 440. obletnico izida prevoda Svetega pisma v slovenski jezik Jurija Dalmatina in 440. obletnico izida slovnice slovenskega jezika Adama Bohori\u010da,<\/p>","protected":false},"author":5,"featured_media":2706,"comment_status":"open","ping_status":"closed","sticky":false,"template":"","format":"standard","meta":[],"categories":[8],"tags":[],"_links":{"self":[{"href":"https:\/\/evang.si\/de\/wp-json\/wp\/v2\/posts\/2705"}],"collection":[{"href":"https:\/\/evang.si\/de\/wp-json\/wp\/v2\/posts"}],"about":[{"href":"https:\/\/evang.si\/de\/wp-json\/wp\/v2\/types\/post"}],"author":[{"embeddable":true,"href":"https:\/\/evang.si\/de\/wp-json\/wp\/v2\/users\/5"}],"replies":[{"embeddable":true,"href":"https:\/\/evang.si\/de\/wp-json\/wp\/v2\/comments?post=2705"}],"version-history":[{"count":8,"href":"https:\/\/evang.si\/de\/wp-json\/wp\/v2\/posts\/2705\/revisions"}],"predecessor-version":[{"id":2724,"href":"https:\/\/evang.si\/de\/wp-json\/wp\/v2\/posts\/2705\/revisions\/2724"}],"wp:featuredmedia":[{"embeddable":true,"href":"https:\/\/evang.si\/de\/wp-json\/wp\/v2\/media\/2706"}],"wp:attachment":[{"href":"https:\/\/evang.si\/de\/wp-json\/wp\/v2\/media?parent=2705"}],"wp:term":[{"taxonomy":"category","embeddable":true,"href":"https:\/\/evang.si\/de\/wp-json\/wp\/v2\/categories?post=2705"},{"taxonomy":"post_tag","embeddable":true,"href":"https:\/\/evang.si\/de\/wp-json\/wp\/v2\/tags?post=2705"}],"curies":[{"name":"wp","href":"https:\/\/api.w.org\/{rel}","templated":true}]}}