{"id":2634,"date":"2024-01-19T21:03:53","date_gmt":"2024-01-19T20:03:53","guid":{"rendered":"https:\/\/evang.si\/?p=2634"},"modified":"2024-01-19T21:24:02","modified_gmt":"2024-01-19T20:24:02","slug":"evangelicanski-koledar-za-leto-2024","status":"publish","type":"post","link":"https:\/\/evang.si\/de\/2024\/01\/19\/evangelicanski-koledar-za-leto-2024\/","title":{"rendered":"Evangeli\u010danski koledar za leto 2024"},"content":{"rendered":"<p>Danes je v Evangeli\u010danskem centru Murska Sobota potekala novinarska konferenca, na kateri je bila predstavljena letna publikacija Evangeli\u010danske cerkve AV v Sloveniji, ki ima \u017ee stoletno tradicijo, Evangeli\u010danski koledar za leto 2024. Vsebino, v kateri posebno mesto zaseda 300. obletnica rojstva \u0160tevana K\u00fczmi\u010da, so predstavili \u0161kof Evangeli\u010danske cerkve mag. Leon Novak, urednica koledarja dr. Klaudija Sedar in umetnostni zgodovinar mag. Franc Obal.<\/p>\n<p>Evangeli\u010danski koledar, ki ima malenkost ve\u010d strani, kot je dni v letu, je na voljo na vseh uradih cerkvenih ob\u010din in sede\u017eu Zavoda Primo\u017ea Trubarja.<\/p>\n<p><a href=\"https:\/\/evang.si\/wp-content\/uploads\/2024\/01\/koledarji.jpg\"><img loading=\"lazy\" src=\"https:\/\/evang.si\/wp-content\/uploads\/2024\/01\/koledarji-300x182.jpg\" alt=\"\" width=\"300\" height=\"182\" class=\"alignleft wp-image-2635 size-medium\" srcset=\"https:\/\/evang.si\/wp-content\/uploads\/2024\/01\/koledarji-300x182.jpg 300w, https:\/\/evang.si\/wp-content\/uploads\/2024\/01\/koledarji-768x466.jpg 768w, https:\/\/evang.si\/wp-content\/uploads\/2024\/01\/koledarji-1536x932.jpg 1536w, https:\/\/evang.si\/wp-content\/uploads\/2024\/01\/koledarji-18x12.jpg 18w, https:\/\/evang.si\/wp-content\/uploads\/2024\/01\/koledarji-624x379.jpg 624w, https:\/\/evang.si\/wp-content\/uploads\/2024\/01\/koledarji.jpg 1633w\" sizes=\"(max-width: 300px) 100vw, 300px\" \/><\/a> <a href=\"https:\/\/evang.si\/wp-content\/uploads\/2024\/01\/koledar_vsi.jpg\"><img loading=\"lazy\" src=\"https:\/\/evang.si\/wp-content\/uploads\/2024\/01\/koledar_vsi-300x165.jpg\" alt=\"\" width=\"300\" height=\"165\" class=\"alignleft wp-image-2636 size-medium\" srcset=\"https:\/\/evang.si\/wp-content\/uploads\/2024\/01\/koledar_vsi-300x165.jpg 300w, https:\/\/evang.si\/wp-content\/uploads\/2024\/01\/koledar_vsi-768x423.jpg 768w, https:\/\/evang.si\/wp-content\/uploads\/2024\/01\/koledar_vsi-1536x845.jpg 1536w, https:\/\/evang.si\/wp-content\/uploads\/2024\/01\/koledar_vsi-18x10.jpg 18w, https:\/\/evang.si\/wp-content\/uploads\/2024\/01\/koledar_vsi-624x343.jpg 624w, https:\/\/evang.si\/wp-content\/uploads\/2024\/01\/koledar_vsi.jpg 1821w\" sizes=\"(max-width: 300px) 100vw, 300px\" \/><\/a><\/p>","protected":false},"excerpt":{"rendered":"<p>Danes je v Evangeli\u010danskem centru Murska Sobota potekala novinarska konferenca, na kateri je bila predstavljena letna publikacija Evangeli\u010danske cerkve AV v Sloveniji, ki ima \u017ee stoletno tradicijo, Evangeli\u010danski koledar za leto 2024. Vsebino, v kateri posebno mesto zaseda 300. obletnica rojstva \u0160tevana K\u00fczmi\u010da, so predstavili \u0161kof Evangeli\u010danske cerkve mag. Leon Novak, urednica koledarja dr. Klaudija<\/p>","protected":false},"author":5,"featured_media":2635,"comment_status":"open","ping_status":"closed","sticky":false,"template":"","format":"standard","meta":[],"categories":[1],"tags":[],"_links":{"self":[{"href":"https:\/\/evang.si\/de\/wp-json\/wp\/v2\/posts\/2634"}],"collection":[{"href":"https:\/\/evang.si\/de\/wp-json\/wp\/v2\/posts"}],"about":[{"href":"https:\/\/evang.si\/de\/wp-json\/wp\/v2\/types\/post"}],"author":[{"embeddable":true,"href":"https:\/\/evang.si\/de\/wp-json\/wp\/v2\/users\/5"}],"replies":[{"embeddable":true,"href":"https:\/\/evang.si\/de\/wp-json\/wp\/v2\/comments?post=2634"}],"version-history":[{"count":5,"href":"https:\/\/evang.si\/de\/wp-json\/wp\/v2\/posts\/2634\/revisions"}],"predecessor-version":[{"id":2641,"href":"https:\/\/evang.si\/de\/wp-json\/wp\/v2\/posts\/2634\/revisions\/2641"}],"wp:featuredmedia":[{"embeddable":true,"href":"https:\/\/evang.si\/de\/wp-json\/wp\/v2\/media\/2635"}],"wp:attachment":[{"href":"https:\/\/evang.si\/de\/wp-json\/wp\/v2\/media?parent=2634"}],"wp:term":[{"taxonomy":"category","embeddable":true,"href":"https:\/\/evang.si\/de\/wp-json\/wp\/v2\/categories?post=2634"},{"taxonomy":"post_tag","embeddable":true,"href":"https:\/\/evang.si\/de\/wp-json\/wp\/v2\/tags?post=2634"}],"curies":[{"name":"wp","href":"https:\/\/api.w.org\/{rel}","templated":true}]}}