{"id":2229,"date":"2023-04-06T20:09:25","date_gmt":"2023-04-06T18:09:25","guid":{"rendered":"https:\/\/evang.si\/?p=2229"},"modified":"2023-04-09T18:00:20","modified_gmt":"2023-04-09T16:00:20","slug":"novinarska-konferenca-o-prihajajocih-velikonocnih-dogodkih","status":"publish","type":"post","link":"https:\/\/evang.si\/de\/2023\/04\/06\/novinarska-konferenca-o-prihajajocih-velikonocnih-dogodkih\/","title":{"rendered":"Novinarska konferenca o prihajajo\u010dih velikono\u010dnih dogodkih"},"content":{"rendered":"<p>Danes, 6. aprila 2023, je v Evangeli\u010danskem centru v Murski Soboti potekala novinarska konferenca, na kateri so bili predstavljeni dogodki, ki bodo potekali v na\u0161ih cerkvah in v organizaciji cerkvenih ob\u010din. Dr. Klaudija Sedar je predstavila potek bogoslu\u017eij, ki bodo potekala od Velikega petka do velikono\u010dnega ponedeljka &#8211; ta bodo na Veliki petek, ko bo v evangeli\u010danski cerkvi Dobrega pastirja Jezusa Moravske Toplice tudi osrednje bogoslu\u017eje ob 18. uri in ga bo prena\u0161ala tudi TV Slovenija 2, potem na velikono\u010dno nedeljo in velikono\u010dni ponedeljek.<\/p>\n<p>\u0160kof Evangeli\u010danske cerkve mag. Leon Novak pa je podrobneje predstavil dobrodelni koncert, ki ga <strong>na velikono\u010dni ponedeljek<\/strong> pripravlja cerkvena ob\u010dina Murska Sobota, in sicer <strong>ob 19. uri v Gledali\u0161\u010du Park v Murski Soboti. <\/strong>Namenjen je pomo\u010di \u017ertvam potresa v Siriji, ki se je zgodil v mesecu februarju. V tem potresu so bile po\u0161kodovane tudi tri evangeli\u010danske cerkve in v teh so na\u0161li svoje za\u010dasno pribe\u017eali\u0161\u010de tudi mnogi, ki so ostali brez svojih domov. Na dobrodelnem koncertu bodo nastopile glasbene skupine Eben Ezer in Selah, ki delujeta v okviru cerkvene ob\u010dine Murska Sobota, in Soli Deo Gratia pod okriljem Evangelijske cerkve iz Novega mesta.<\/p>\n<p><strong>Svoj dobrodelni prispevek, s katerim podajamo roko pomo\u010di potrebnim in v stiski, lahko naka\u017eete tudi na:<\/strong><\/p>\n<p>ECO Murska Sobota<br \/>\nSlovenska ulica 15<br \/>\n9000 Murska Sobota<\/p>\n<p>TRR: SI56 0312 5100 0012 712<br \/>\nNamen: Sirija 2023<br \/>\nSklic: SI00 10423<br \/>\nBIC banke: SKBASI2X<br \/>\nKoda namena: CHAR<\/p>\n<p><em>&#8220;Ne pozabite na gostoljubnost. Ker so bili nekateri gostoljubni, so namre\u010d pogostili angele, ne da bi se zavedali.&#8221; (Heb 13, 2)<\/em><\/p>","protected":false},"excerpt":{"rendered":"<p>Danes, 6. aprila 2023, je v Evangeli\u010danskem centru v Murski Soboti potekala novinarska konferenca, na kateri so bili predstavljeni dogodki, ki bodo potekali v na\u0161ih cerkvah in v organizaciji cerkvenih ob\u010din. Dr. Klaudija Sedar je predstavila potek bogoslu\u017eij, ki bodo potekala od Velikega petka do velikono\u010dnega ponedeljka &#8211; ta bodo na Veliki petek, ko bo<\/p>","protected":false},"author":5,"featured_media":2235,"comment_status":"open","ping_status":"closed","sticky":false,"template":"","format":"standard","meta":[],"categories":[41],"tags":[],"_links":{"self":[{"href":"https:\/\/evang.si\/de\/wp-json\/wp\/v2\/posts\/2229"}],"collection":[{"href":"https:\/\/evang.si\/de\/wp-json\/wp\/v2\/posts"}],"about":[{"href":"https:\/\/evang.si\/de\/wp-json\/wp\/v2\/types\/post"}],"author":[{"embeddable":true,"href":"https:\/\/evang.si\/de\/wp-json\/wp\/v2\/users\/5"}],"replies":[{"embeddable":true,"href":"https:\/\/evang.si\/de\/wp-json\/wp\/v2\/comments?post=2229"}],"version-history":[{"count":9,"href":"https:\/\/evang.si\/de\/wp-json\/wp\/v2\/posts\/2229\/revisions"}],"predecessor-version":[{"id":2250,"href":"https:\/\/evang.si\/de\/wp-json\/wp\/v2\/posts\/2229\/revisions\/2250"}],"wp:featuredmedia":[{"embeddable":true,"href":"https:\/\/evang.si\/de\/wp-json\/wp\/v2\/media\/2235"}],"wp:attachment":[{"href":"https:\/\/evang.si\/de\/wp-json\/wp\/v2\/media?parent=2229"}],"wp:term":[{"taxonomy":"category","embeddable":true,"href":"https:\/\/evang.si\/de\/wp-json\/wp\/v2\/categories?post=2229"},{"taxonomy":"post_tag","embeddable":true,"href":"https:\/\/evang.si\/de\/wp-json\/wp\/v2\/tags?post=2229"}],"curies":[{"name":"wp","href":"https:\/\/api.w.org\/{rel}","templated":true}]}}