{"id":2160,"date":"2023-02-22T10:42:12","date_gmt":"2023-02-22T09:42:12","guid":{"rendered":"https:\/\/evang.si\/?p=2160"},"modified":"2023-02-22T10:45:12","modified_gmt":"2023-02-22T09:45:12","slug":"predsedstvo-cerkve-na-sprejemu-pri-predsednici-drzavnega-zbora","status":"publish","type":"post","link":"https:\/\/evang.si\/de\/2023\/02\/22\/predsedstvo-cerkve-na-sprejemu-pri-predsednici-drzavnega-zbora\/","title":{"rendered":"Predsedstvo Cerkve na sprejemu pri predsednici Dr\u017eavnega zbora"},"content":{"rendered":"<p>Predsednica Dr\u017eavnega zbora, mag. Ur\u0161ka Klako\u010dar Zupan\u010di\u010d, je 20. februarja 2023 sprejela predsedstvo Evangeli\u010danske cerkve AV v Republiki Sloveniji, \u0161kofa mag. Leona Novaka in in\u0161pektorja Bojana Prosi\u010da. Pogovor je tekel o poslanstvu Cerkve kot tudi o odprtih in aktualnih vpra\u0161anjih. Predsednica Dr\u017eavnega zbora je z zanimanjem prisluhnila predstavitvi in se zavzela za enakopravno obravnavo vseh verskih skupnosti v Sloveniji.<\/p>\n<p>Foto: Dr\u017eavni zbor RS, M. Su\u0161nik.<\/p>","protected":false},"excerpt":{"rendered":"<p>Predsednica Dr\u017eavnega zbora, mag. Ur\u0161ka Klako\u010dar Zupan\u010di\u010d, je 20. februarja 2023 sprejela predsedstvo Evangeli\u010danske cerkve AV v Republiki Sloveniji, \u0161kofa mag. Leona Novaka in in\u0161pektorja Bojana Prosi\u010da. Pogovor je tekel o poslanstvu Cerkve kot tudi o odprtih in aktualnih vpra\u0161anjih. Predsednica Dr\u017eavnega zbora je z zanimanjem prisluhnila predstavitvi in se zavzela za enakopravno obravnavo vseh<\/p>","protected":false},"author":5,"featured_media":2161,"comment_status":"open","ping_status":"closed","sticky":false,"template":"","format":"standard","meta":[],"categories":[8],"tags":[],"_links":{"self":[{"href":"https:\/\/evang.si\/de\/wp-json\/wp\/v2\/posts\/2160"}],"collection":[{"href":"https:\/\/evang.si\/de\/wp-json\/wp\/v2\/posts"}],"about":[{"href":"https:\/\/evang.si\/de\/wp-json\/wp\/v2\/types\/post"}],"author":[{"embeddable":true,"href":"https:\/\/evang.si\/de\/wp-json\/wp\/v2\/users\/5"}],"replies":[{"embeddable":true,"href":"https:\/\/evang.si\/de\/wp-json\/wp\/v2\/comments?post=2160"}],"version-history":[{"count":4,"href":"https:\/\/evang.si\/de\/wp-json\/wp\/v2\/posts\/2160\/revisions"}],"predecessor-version":[{"id":2165,"href":"https:\/\/evang.si\/de\/wp-json\/wp\/v2\/posts\/2160\/revisions\/2165"}],"wp:featuredmedia":[{"embeddable":true,"href":"https:\/\/evang.si\/de\/wp-json\/wp\/v2\/media\/2161"}],"wp:attachment":[{"href":"https:\/\/evang.si\/de\/wp-json\/wp\/v2\/media?parent=2160"}],"wp:term":[{"taxonomy":"category","embeddable":true,"href":"https:\/\/evang.si\/de\/wp-json\/wp\/v2\/categories?post=2160"},{"taxonomy":"post_tag","embeddable":true,"href":"https:\/\/evang.si\/de\/wp-json\/wp\/v2\/tags?post=2160"}],"curies":[{"name":"wp","href":"https:\/\/api.w.org\/{rel}","templated":true}]}}