{"id":2147,"date":"2023-02-21T10:03:51","date_gmt":"2023-02-21T09:03:51","guid":{"rendered":"https:\/\/evang.si\/?p=2147"},"modified":"2023-02-21T14:07:42","modified_gmt":"2023-02-21T13:07:42","slug":"pomoc-zrtvam-potresa","status":"publish","type":"post","link":"https:\/\/evang.si\/de\/2023\/02\/21\/pomoc-zrtvam-potresa\/","title":{"rendered":"Pomo\u010d \u017ertvam potresa"},"content":{"rendered":"<p>6. februarja 2023 je prebivalstvo na tur\u0161ko-sirskem obmejnem obmo\u010dju v zgodnjih jutranjih urah stresel mo\u010dan potres z magnitudo 7,8, \u010demur so sledili \u0161tevilni popotresni sunki, nova mo\u010dnej\u0161a potresa z magnitudo 6,4 in 5,8 pa sta ponovno stresla Tur\u010dijo in Sirijo 20. februarja. V mestu Aleppo v Siriji sta mo\u010dno prizadeti tudi zgradbi Evangeli\u010danske armenske cerkve ter Evangeli\u010danske cerkve v Siriji in Libanonu. Obe cerkvi sta \u0161tevilnim \u017ertvam potresa zagotovili tudi zato\u010di\u0161\u010de. \u0160tevilo vseh \u017ertev \u017ee krepko presega \u0161tirideset tiso\u010d, ve\u010d deset tiso\u010d je ranjenih, brez domov in v te\u017ekih razmerah v strahu pred jutri\u0161njim dnem. V tej nesre\u010di in stiski se pridru\u017eujemo akciji pomo\u010di \u017ertvam potresa dru\u0161tva Gustav Adolf.<\/p>\n<p>Evangeli\u010danska humanitarna organizacija Podpornica (EHO \u2013 Podpornica) za \u017ertve potresa in pomo\u010d tamkaj\u0161njim evangeli\u010danskim cerkvam zbira denarna sredstva, ki bodo namenjena osnovnim \u017eivljenjskim potreb\u0161\u010dinam, potrebnim za pre\u017eivetje v teh stra\u0161nih trenutkih.<\/p>\n<p><strong>Pomo\u010d po svojih zmo\u017enostih kot izraz solidarnosti in so\u010dutja lahko naka\u017eete na:<\/strong><\/p>\n<p>EHO \u2013 Podpornica<br \/>\nSlovenska ulica 17<br \/>\n9000 Murska Sobota<\/p>\n<p>TRR: SI56 0249 6008 9536 543<br \/>\nNamen: POTRES 2023<br \/>\nSklic:\u00a0 SI00 90963<br \/>\nBIC banke: LJBASI2X<br \/>\nKoda namena: CHAR<\/p>\n<p><em>\u00bbBog nam je zato\u010di\u0161\u010de in mo\u010d, pomo\u010d v stiskah, vedno navzo\u010da.\u00ab (Psalm 46, 2)<\/em><\/p>","protected":false},"excerpt":{"rendered":"<p>6. februarja 2023 je prebivalstvo na tur\u0161ko-sirskem obmejnem obmo\u010dju v zgodnjih jutranjih urah stresel mo\u010dan potres z magnitudo 7,8, \u010demur so sledili \u0161tevilni popotresni sunki, nova mo\u010dnej\u0161a potresa z magnitudo 6,4 in 5,8 pa sta ponovno stresla Tur\u010dijo in Sirijo 20. februarja. V mestu Aleppo v Siriji sta mo\u010dno prizadeti tudi zgradbi Evangeli\u010danske armenske cerkve<\/p>","protected":false},"author":5,"featured_media":2156,"comment_status":"open","ping_status":"closed","sticky":false,"template":"","format":"standard","meta":[],"categories":[41],"tags":[],"_links":{"self":[{"href":"https:\/\/evang.si\/de\/wp-json\/wp\/v2\/posts\/2147"}],"collection":[{"href":"https:\/\/evang.si\/de\/wp-json\/wp\/v2\/posts"}],"about":[{"href":"https:\/\/evang.si\/de\/wp-json\/wp\/v2\/types\/post"}],"author":[{"embeddable":true,"href":"https:\/\/evang.si\/de\/wp-json\/wp\/v2\/users\/5"}],"replies":[{"embeddable":true,"href":"https:\/\/evang.si\/de\/wp-json\/wp\/v2\/comments?post=2147"}],"version-history":[{"count":7,"href":"https:\/\/evang.si\/de\/wp-json\/wp\/v2\/posts\/2147\/revisions"}],"predecessor-version":[{"id":2159,"href":"https:\/\/evang.si\/de\/wp-json\/wp\/v2\/posts\/2147\/revisions\/2159"}],"wp:featuredmedia":[{"embeddable":true,"href":"https:\/\/evang.si\/de\/wp-json\/wp\/v2\/media\/2156"}],"wp:attachment":[{"href":"https:\/\/evang.si\/de\/wp-json\/wp\/v2\/media?parent=2147"}],"wp:term":[{"taxonomy":"category","embeddable":true,"href":"https:\/\/evang.si\/de\/wp-json\/wp\/v2\/categories?post=2147"},{"taxonomy":"post_tag","embeddable":true,"href":"https:\/\/evang.si\/de\/wp-json\/wp\/v2\/tags?post=2147"}],"curies":[{"name":"wp","href":"https:\/\/api.w.org\/{rel}","templated":true}]}}