{"id":2131,"date":"2023-02-16T21:47:31","date_gmt":"2023-02-16T20:47:31","guid":{"rendered":"https:\/\/evang.si\/?p=2131"},"modified":"2023-02-16T21:49:46","modified_gmt":"2023-02-16T20:49:46","slug":"predstavitev-zbornika-novi-pogledi-na-adama-bohorica","status":"publish","type":"post","link":"https:\/\/evang.si\/de\/2023\/02\/16\/predstavitev-zbornika-novi-pogledi-na-adama-bohorica\/","title":{"rendered":"Predstavitev zbornika Novi pogledi na Adama Bohori\u010da"},"content":{"rendered":"<p>V sredo, 15. februarja 2023, je v Evangeli\u010danskem centru v Murski Soboti v organizaciji Evangeli\u010danske cerkve AV v Sloveniji, Ustanove dr. \u0160iftarjeve fundacije in murskosobo\u0161ke podru\u017enice Slovenskega protestantskega dru\u0161tva Primo\u017e Trubar potekala predstavitev zbornika <em>Novi pogledi na Adama Bohori\u010da<\/em>, ki je rezultat simpozija v okviru obele\u017eitve 500. obletnice rojstva Adama Bohori\u010da. Zbornik je izdala Slovenska akademija znanosti in umetnosti v sodelovanju z Ustanovo dr \u0160iftarjevo fundacijo.<br \/>\nUvodoma sta prisotne nagovorila \u0161kof Evangeli\u010danske cerkve mag. Leon Novak in predsednik Uprave \u0160iftarjeve fundacije Marjan \u0160iftar, zatem pa sta urednik zbornika red. prof. dr. Marko Jesen\u0161ek in dr. Klaudija Sedar, ki je predstavitev tudi povezovala, predstavila vsebino zbornika in klju\u010dne nove poglede, ki jih zbornik prina\u0161a. Med drugim se na podlagi novih dokumentov ugotavlja, da naj bi se Adam Bohori\u010d, prvi slovenski slovni\u010dar in protestantski \u0161olnik, dolgoletni ravnatelj stanovske \u0161ole, ki je bila ustanovljena na Trubarjevo pobudo, ter avtor slovenske slovnice (1584) in drugih del, rodil tri do \u0161tiri leta kasneje (ok. 1524) in prav toliko kasneje tudi umrl, kot smo imeli podatke doslej (1601\/1602), in umrl je zagotovo v Ljubljani. V zborniku je zbranih 23 prispevkov strkovnjakov z razli\u010dnih podro\u010dij, kar le \u0161e dodatno potrjuje, da ostaja za Bohori\u010dem bogata kulturna dedi\u0161\u010dina, ki nam je vsem lahko v poseben ponos.<\/p>\n<p><a href=\"https:\/\/evang.si\/wp-content\/uploads\/2023\/02\/slika_5-scaled.jpg\"><img loading=\"lazy\" src=\"https:\/\/evang.si\/wp-content\/uploads\/2023\/02\/slika_5-150x150.jpg\" alt=\"\" width=\"150\" height=\"150\" class=\"alignleft wp-image-2137 size-thumbnail\" srcset=\"https:\/\/evang.si\/wp-content\/uploads\/2023\/02\/slika_5-150x150.jpg 150w, https:\/\/evang.si\/wp-content\/uploads\/2023\/02\/slika_5-300x300.jpg 300w, https:\/\/evang.si\/wp-content\/uploads\/2023\/02\/slika_5-400x400.jpg 400w\" sizes=\"(max-width: 150px) 100vw, 150px\" \/><\/a><a href=\"https:\/\/evang.si\/wp-content\/uploads\/2023\/02\/slika_2-scaled.jpg\"><img loading=\"lazy\" src=\"https:\/\/evang.si\/wp-content\/uploads\/2023\/02\/slika_2-150x150.jpg\" alt=\"\" width=\"150\" height=\"150\" class=\"alignleft wp-image-2135 size-thumbnail\" srcset=\"https:\/\/evang.si\/wp-content\/uploads\/2023\/02\/slika_2-150x150.jpg 150w, https:\/\/evang.si\/wp-content\/uploads\/2023\/02\/slika_2-300x300.jpg 300w, https:\/\/evang.si\/wp-content\/uploads\/2023\/02\/slika_2-400x400.jpg 400w\" sizes=\"(max-width: 150px) 100vw, 150px\" \/><\/a><a href=\"https:\/\/evang.si\/wp-content\/uploads\/2023\/02\/slika_3-scaled.jpg\"><img loading=\"lazy\" src=\"https:\/\/evang.si\/wp-content\/uploads\/2023\/02\/slika_3-150x150.jpg\" alt=\"\" width=\"150\" height=\"150\" class=\"alignleft wp-image-2136 size-thumbnail\" srcset=\"https:\/\/evang.si\/wp-content\/uploads\/2023\/02\/slika_3-150x150.jpg 150w, https:\/\/evang.si\/wp-content\/uploads\/2023\/02\/slika_3-300x300.jpg 300w, https:\/\/evang.si\/wp-content\/uploads\/2023\/02\/slika_3-400x400.jpg 400w\" sizes=\"(max-width: 150px) 100vw, 150px\" \/><\/a><\/p>","protected":false},"excerpt":{"rendered":"<p>V sredo, 15. februarja 2023, je v Evangeli\u010danskem centru v Murski Soboti v organizaciji Evangeli\u010danske cerkve AV v Sloveniji, Ustanove dr. \u0160iftarjeve fundacije in murskosobo\u0161ke podru\u017enice Slovenskega protestantskega dru\u0161tva Primo\u017e Trubar potekala predstavitev zbornika Novi pogledi na Adama Bohori\u010da, ki je rezultat simpozija v okviru obele\u017eitve 500. obletnice rojstva Adama Bohori\u010da. Zbornik je izdala Slovenska<\/p>","protected":false},"author":5,"featured_media":2134,"comment_status":"open","ping_status":"closed","sticky":false,"template":"","format":"standard","meta":[],"categories":[8],"tags":[],"_links":{"self":[{"href":"https:\/\/evang.si\/de\/wp-json\/wp\/v2\/posts\/2131"}],"collection":[{"href":"https:\/\/evang.si\/de\/wp-json\/wp\/v2\/posts"}],"about":[{"href":"https:\/\/evang.si\/de\/wp-json\/wp\/v2\/types\/post"}],"author":[{"embeddable":true,"href":"https:\/\/evang.si\/de\/wp-json\/wp\/v2\/users\/5"}],"replies":[{"embeddable":true,"href":"https:\/\/evang.si\/de\/wp-json\/wp\/v2\/comments?post=2131"}],"version-history":[{"count":10,"href":"https:\/\/evang.si\/de\/wp-json\/wp\/v2\/posts\/2131\/revisions"}],"predecessor-version":[{"id":2145,"href":"https:\/\/evang.si\/de\/wp-json\/wp\/v2\/posts\/2131\/revisions\/2145"}],"wp:featuredmedia":[{"embeddable":true,"href":"https:\/\/evang.si\/de\/wp-json\/wp\/v2\/media\/2134"}],"wp:attachment":[{"href":"https:\/\/evang.si\/de\/wp-json\/wp\/v2\/media?parent=2131"}],"wp:term":[{"taxonomy":"category","embeddable":true,"href":"https:\/\/evang.si\/de\/wp-json\/wp\/v2\/categories?post=2131"},{"taxonomy":"post_tag","embeddable":true,"href":"https:\/\/evang.si\/de\/wp-json\/wp\/v2\/tags?post=2131"}],"curies":[{"name":"wp","href":"https:\/\/api.w.org\/{rel}","templated":true}]}}