{"id":2128,"date":"2023-02-10T14:14:29","date_gmt":"2023-02-10T13:14:29","guid":{"rendered":"https:\/\/evang.si\/?p=2128"},"modified":"2023-02-12T14:17:18","modified_gmt":"2023-02-12T13:17:18","slug":"prenosi-bozjih-sluzb-na-rtv-slovenija-1-v-letu-2023","status":"publish","type":"post","link":"https:\/\/evang.si\/de\/2023\/02\/10\/prenosi-bozjih-sluzb-na-rtv-slovenija-1-v-letu-2023\/","title":{"rendered":"Prenosi Bo\u017ejih slu\u017eb na RTV Slovenija 1 v letu 2023"},"content":{"rendered":"<p>V letu 2023 bodo potekali prenosi iz evangeli\u010danskih cerkvah na RTV Slovenija 1 ob naslednjih nedeljah ob 10.30 (prazni\u010dne Bo\u017eje slu\u017ebe ob 10.00):<\/p>\n<ul>\n<li>12. februar \u2013 Evangeli\u010danska cerkev Puconci<\/li>\n<li>14. april \u2013 Evangeli\u010danska cerkev Pe\u010darovci<\/li>\n<li>11. junij \u2013 Evangeli\u010danska cerkev Gornji Slave\u010di (Shod EHO-Podpornice)<\/li>\n<li>13. avgust \u2013 Evangeli\u010danska cerkev Gornji Slave\u010di<\/li>\n<li>8. oktober \u2013 Evangeli\u010danska cerkev Kri\u017eevci<\/li>\n<li>10. december \u2013 Evangeli\u010danska cerkev Kri\u017eevci<\/li>\n<\/ul>\n<p><strong>Prazni\u010dne Bo\u017eje slu\u017ebe:<\/strong><\/p>\n<ul>\n<li>7. april (Veliki petek) \u2013 Evangeli\u010danska cerkev Moravske Toplice<\/li>\n<li>31. oktober (Dan reformacije) \u2013 Evangeli\u010danska cerkev Puconci<\/li>\n<li>25. december (Bo\u017ei\u010d) \u2013 Evangeli\u010danska cerkev Maribor<\/li>\n<\/ul>\n<p>&nbsp;<\/p>","protected":false},"excerpt":{"rendered":"<p>V letu 2023 bodo potekali prenosi iz evangeli\u010danskih cerkvah na RTV Slovenija 1 ob naslednjih nedeljah ob 10.30 (prazni\u010dne Bo\u017eje slu\u017ebe ob 10.00): 12. februar \u2013 Evangeli\u010danska cerkev Puconci 14. april \u2013 Evangeli\u010danska cerkev Pe\u010darovci 11. junij \u2013 Evangeli\u010danska cerkev Gornji Slave\u010di (Shod EHO-Podpornice) 13. avgust \u2013 Evangeli\u010danska cerkev Gornji Slave\u010di 8. oktober \u2013 Evangeli\u010danska<\/p>","protected":false},"author":5,"featured_media":2130,"comment_status":"open","ping_status":"closed","sticky":false,"template":"","format":"standard","meta":[],"categories":[41],"tags":[],"_links":{"self":[{"href":"https:\/\/evang.si\/de\/wp-json\/wp\/v2\/posts\/2128"}],"collection":[{"href":"https:\/\/evang.si\/de\/wp-json\/wp\/v2\/posts"}],"about":[{"href":"https:\/\/evang.si\/de\/wp-json\/wp\/v2\/types\/post"}],"author":[{"embeddable":true,"href":"https:\/\/evang.si\/de\/wp-json\/wp\/v2\/users\/5"}],"replies":[{"embeddable":true,"href":"https:\/\/evang.si\/de\/wp-json\/wp\/v2\/comments?post=2128"}],"version-history":[{"count":1,"href":"https:\/\/evang.si\/de\/wp-json\/wp\/v2\/posts\/2128\/revisions"}],"predecessor-version":[{"id":2129,"href":"https:\/\/evang.si\/de\/wp-json\/wp\/v2\/posts\/2128\/revisions\/2129"}],"wp:featuredmedia":[{"embeddable":true,"href":"https:\/\/evang.si\/de\/wp-json\/wp\/v2\/media\/2130"}],"wp:attachment":[{"href":"https:\/\/evang.si\/de\/wp-json\/wp\/v2\/media?parent=2128"}],"wp:term":[{"taxonomy":"category","embeddable":true,"href":"https:\/\/evang.si\/de\/wp-json\/wp\/v2\/categories?post=2128"},{"taxonomy":"post_tag","embeddable":true,"href":"https:\/\/evang.si\/de\/wp-json\/wp\/v2\/tags?post=2128"}],"curies":[{"name":"wp","href":"https:\/\/api.w.org\/{rel}","templated":true}]}}