{"id":1914,"date":"2022-11-01T21:24:01","date_gmt":"2022-11-01T20:24:01","guid":{"rendered":"https:\/\/evang.si\/?p=1914"},"modified":"2022-11-16T12:19:33","modified_gmt":"2022-11-16T11:19:33","slug":"slovesnost-ob-dnevu-reformacije-v-murski-soboti","status":"publish","type":"post","link":"https:\/\/evang.si\/de\/2022\/11\/01\/slovesnost-ob-dnevu-reformacije-v-murski-soboti\/","title":{"rendered":"Slovesnost ob dnevu reformacije v Murski Soboti"},"content":{"rendered":"<p>Pred osrednjo dr\u017eavno proslavo ob dnevu reformacije v Ljubljani je v Gledali\u0161\u010du Park v Murski Soboti potekala slovesnost ob dnevu reformacije v organizaciji Mestne ob\u010dine Murska Sobota, Evangeli\u010danske cerkve AV v Sloveniji in murskosobo\u0161ke podru\u017enice Slovenskega protestantskega dru\u0161tva Primo\u017e Trubar. <em>Sv\u00e9tek<\/em> ali praznik reformacije nas namre\u010d spominja na dose\u017eke, ki so slovenskemu narodu pred petimi stoletji utrli pot k duhovnosti, kulturi, pot k narodni zavednosti, vrednotam in kasneje tudi k samostojnosti.<\/p>\n<p>Po uvodnem nagovoru \u0161kofa Evangeli\u010danske cerkve mag. Leona Novaka je prisotne nagovoril slavnostni govorec red. prof. dr. Marko Jesen\u0161ek, ki izpostavil kulturne dose\u017eke reformacije v Prekmurju, pisce, ki so si prizadevali za ohranitev jezika, in njihova dela, skozi katere se je zapisana beseda v prekmurskem jeziku ohranjala vse do sredine 20. stoletja.<br \/>\nV kulturnem programu so nastopili u\u010denci Osnovne \u0161ole Fokovci s prof. Suzano Panker, ki so v to\u010dki <em>\u0160tejmo pa znamo<\/em> predstavili prve izdaje prekmurskega seniorata, od katerega v leto\u0161njem letu poteka 100. obletnica ustanovitve. V glasbenem delu pa so nastopili Duo Mystica (Monika Novak in Miran \u010carni), u\u010denci Zasebne \u0161ole Virtuoz pod mentorstvom prof. Mirana \u010carnija in skupina Selah.<br \/>\nPrireditev je povezovala dr. Klaudija Sedar, predsednica murskosobo\u0161ke podru\u017enice SPD Primo\u017e Trubar.<\/p>\n<p><a href=\"https:\/\/evang.si\/wp-content\/uploads\/2022\/11\/mystica.jpg\"><img loading=\"lazy\" src=\"https:\/\/evang.si\/wp-content\/uploads\/2022\/11\/mystica-150x150.jpg\" alt=\"\" width=\"150\" height=\"150\" class=\"alignleft wp-image-1917 size-thumbnail\" srcset=\"https:\/\/evang.si\/wp-content\/uploads\/2022\/11\/mystica-150x150.jpg 150w, https:\/\/evang.si\/wp-content\/uploads\/2022\/11\/mystica-300x300.jpg 300w, https:\/\/evang.si\/wp-content\/uploads\/2022\/11\/mystica-400x400.jpg 400w\" sizes=\"(max-width: 150px) 100vw, 150px\" \/><\/a><a href=\"https:\/\/evang.si\/wp-content\/uploads\/2022\/11\/skof_proslava.jpg\"><img loading=\"lazy\" src=\"https:\/\/evang.si\/wp-content\/uploads\/2022\/11\/skof_proslava-150x150.jpg\" alt=\"\" width=\"150\" height=\"150\" class=\"alignleft wp-image-1918 size-thumbnail\" srcset=\"https:\/\/evang.si\/wp-content\/uploads\/2022\/11\/skof_proslava-150x150.jpg 150w, https:\/\/evang.si\/wp-content\/uploads\/2022\/11\/skof_proslava-300x300.jpg 300w, https:\/\/evang.si\/wp-content\/uploads\/2022\/11\/skof_proslava-400x400.jpg 400w\" sizes=\"(max-width: 150px) 100vw, 150px\" \/><\/a><a href=\"https:\/\/evang.si\/wp-content\/uploads\/2022\/11\/jesensek.jpg\"><img loading=\"lazy\" src=\"https:\/\/evang.si\/wp-content\/uploads\/2022\/11\/jesensek-150x150.jpg\" alt=\"\" width=\"150\" height=\"150\" class=\"alignleft wp-image-1919 size-thumbnail\" srcset=\"https:\/\/evang.si\/wp-content\/uploads\/2022\/11\/jesensek-150x150.jpg 150w, https:\/\/evang.si\/wp-content\/uploads\/2022\/11\/jesensek-300x300.jpg 300w, https:\/\/evang.si\/wp-content\/uploads\/2022\/11\/jesensek-400x400.jpg 400w\" sizes=\"(max-width: 150px) 100vw, 150px\" \/><\/a><a href=\"https:\/\/evang.si\/wp-content\/uploads\/2022\/11\/virtuoz.jpg\"><img loading=\"lazy\" src=\"https:\/\/evang.si\/wp-content\/uploads\/2022\/11\/virtuoz-150x150.jpg\" alt=\"\" width=\"150\" height=\"150\" class=\"alignleft wp-image-1920 size-thumbnail\" srcset=\"https:\/\/evang.si\/wp-content\/uploads\/2022\/11\/virtuoz-150x150.jpg 150w, https:\/\/evang.si\/wp-content\/uploads\/2022\/11\/virtuoz-300x300.jpg 300w, https:\/\/evang.si\/wp-content\/uploads\/2022\/11\/virtuoz-400x400.jpg 400w\" sizes=\"(max-width: 150px) 100vw, 150px\" \/><\/a><a href=\"https:\/\/evang.si\/wp-content\/uploads\/2022\/11\/publika_1.jpg\"><img loading=\"lazy\" src=\"https:\/\/evang.si\/wp-content\/uploads\/2022\/11\/publika_1-150x150.jpg\" alt=\"\" width=\"150\" height=\"150\" class=\"alignleft wp-image-1921 size-thumbnail\" srcset=\"https:\/\/evang.si\/wp-content\/uploads\/2022\/11\/publika_1-150x150.jpg 150w, https:\/\/evang.si\/wp-content\/uploads\/2022\/11\/publika_1-300x300.jpg 300w, https:\/\/evang.si\/wp-content\/uploads\/2022\/11\/publika_1-400x400.jpg 400w\" sizes=\"(max-width: 150px) 100vw, 150px\" \/><\/a><a href=\"https:\/\/evang.si\/wp-content\/uploads\/2022\/11\/os_fokovci.jpg\"><img loading=\"lazy\" src=\"https:\/\/evang.si\/wp-content\/uploads\/2022\/11\/os_fokovci-150x150.jpg\" alt=\"\" width=\"150\" height=\"150\" class=\"alignleft wp-image-1922 size-thumbnail\" srcset=\"https:\/\/evang.si\/wp-content\/uploads\/2022\/11\/os_fokovci-150x150.jpg 150w, https:\/\/evang.si\/wp-content\/uploads\/2022\/11\/os_fokovci-300x300.jpg 300w, https:\/\/evang.si\/wp-content\/uploads\/2022\/11\/os_fokovci-400x400.jpg 400w\" sizes=\"(max-width: 150px) 100vw, 150px\" \/><\/a><a href=\"https:\/\/evang.si\/wp-content\/uploads\/2022\/11\/selah.jpg\"><img loading=\"lazy\" src=\"https:\/\/evang.si\/wp-content\/uploads\/2022\/11\/selah-150x150.jpg\" alt=\"\" width=\"150\" height=\"150\" class=\"alignleft wp-image-1923 size-thumbnail\" srcset=\"https:\/\/evang.si\/wp-content\/uploads\/2022\/11\/selah-150x150.jpg 150w, https:\/\/evang.si\/wp-content\/uploads\/2022\/11\/selah-300x300.jpg 300w, https:\/\/evang.si\/wp-content\/uploads\/2022\/11\/selah-400x400.jpg 400w\" sizes=\"(max-width: 150px) 100vw, 150px\" \/><\/a><\/p>","protected":false},"excerpt":{"rendered":"<p>Pred osrednjo dr\u017eavno proslavo ob dnevu reformacije v Ljubljani je v Gledali\u0161\u010du Park v Murski Soboti potekala slovesnost ob dnevu reformacije v organizaciji Mestne ob\u010dine Murska Sobota, Evangeli\u010danske cerkve AV v Sloveniji in murskosobo\u0161ke podru\u017enice Slovenskega protestantskega dru\u0161tva Primo\u017e Trubar. Sv\u00e9tek ali praznik reformacije nas namre\u010d spominja na dose\u017eke, ki so slovenskemu narodu pred petimi<\/p>","protected":false},"author":5,"featured_media":1931,"comment_status":"open","ping_status":"closed","sticky":false,"template":"","format":"standard","meta":[],"categories":[8],"tags":[],"_links":{"self":[{"href":"https:\/\/evang.si\/de\/wp-json\/wp\/v2\/posts\/1914"}],"collection":[{"href":"https:\/\/evang.si\/de\/wp-json\/wp\/v2\/posts"}],"about":[{"href":"https:\/\/evang.si\/de\/wp-json\/wp\/v2\/types\/post"}],"author":[{"embeddable":true,"href":"https:\/\/evang.si\/de\/wp-json\/wp\/v2\/users\/5"}],"replies":[{"embeddable":true,"href":"https:\/\/evang.si\/de\/wp-json\/wp\/v2\/comments?post=1914"}],"version-history":[{"count":8,"href":"https:\/\/evang.si\/de\/wp-json\/wp\/v2\/posts\/1914\/revisions"}],"predecessor-version":[{"id":1952,"href":"https:\/\/evang.si\/de\/wp-json\/wp\/v2\/posts\/1914\/revisions\/1952"}],"wp:featuredmedia":[{"embeddable":true,"href":"https:\/\/evang.si\/de\/wp-json\/wp\/v2\/media\/1931"}],"wp:attachment":[{"href":"https:\/\/evang.si\/de\/wp-json\/wp\/v2\/media?parent=1914"}],"wp:term":[{"taxonomy":"category","embeddable":true,"href":"https:\/\/evang.si\/de\/wp-json\/wp\/v2\/categories?post=1914"},{"taxonomy":"post_tag","embeddable":true,"href":"https:\/\/evang.si\/de\/wp-json\/wp\/v2\/tags?post=1914"}],"curies":[{"name":"wp","href":"https:\/\/api.w.org\/{rel}","templated":true}]}}