{"id":1830,"date":"2022-09-04T22:14:12","date_gmt":"2022-09-04T20:14:12","guid":{"rendered":"https:\/\/evang.si\/?p=1830"},"modified":"2022-09-04T22:14:12","modified_gmt":"2022-09-04T20:14:12","slug":"poboznost-ob-100-obletnici-samostojnosti-evangelicanske-cerkve","status":"publish","type":"post","link":"https:\/\/evang.si\/de\/2022\/09\/04\/poboznost-ob-100-obletnici-samostojnosti-evangelicanske-cerkve\/","title":{"rendered":"Pobo\u017enost ob 100. obletnici samostojnosti Evangeli\u010danske cerkve"},"content":{"rendered":"<p>\u017densko dru\u0161tvo Evangeli\u010danka je v soboto, 3. septembra 2022, pripravilo posebno pobo\u017enost v cerkvi v Gornjih Slave\u010dih, namenjeno 100. obletnici Evangeli\u010danske cerkve AV v Republiki Sloveniji. Bogoslu\u017eje je vodila duhovnica in predsednica dru\u0161tva Simona Prosi\u010d Filip skupaj z duhovnicama Vladimiro Violeto Mesari\u010d in Judit Andrejek, z glasbenimi vlo\u017eki pa so nastopili Jan Hartman in Marcel Sapa\u010d, Zoja Hanc ter Judit Andrejek in Patricija Kisilak. V sklopu pobo\u017enosti je Klaudija Sedar predstavila \u010das in okoli\u0161\u010dine ob ustanovitvi evangeli\u010danskega seniorata leta 1922, ki se je zgodil na Ob\u010dnem zboru v Murski Soboti, kjer sta bila obenem ume\u0161\u010dena senior \u0160tefan Kova\u010d, tedanji murskosobo\u0161ki duhovnik in senioratni in\u0161pektor Aleksander Junkuc, tudi in\u0161pektor cerkvene ob\u010dine Murska Sobota. Pri tem je izpostavila tudi pomembno vlogo \u017eensk, tako v preteklosti kot na Ob\u010dnem zboru, kjer so se seniorju v okviru dru\u0161tva posebej slovesno poklonile, kot tudi v kasnej\u0161ih letih. Kot je tedaj povedal senior, &#8220;lahko prav evangeli\u010danska \u017eenska dru\u0161tva najve\u010d doprinesejo pri obrambi in rasti na\u0161e Cerkve.&#8221;<br \/>\n\u0160tevilne prisotne na pobo\u017enosti v lepo okra\u0161eni cerkvi so pozdravili in\u0161pektorica cerkvene ob\u010dine Gornji Slave\u010di Alenka Urban\u010di\u010d, \u0161kof Evangeli\u010danske cerkve mag. Leon Novak, in\u0161pektor Cerkve Bojan Prosi\u010d in predsednica Svetovnega molitvenega dne Tanja Pov\u0161nar Vre\u010dar.<br \/>\nPo pobo\u017enosti je sledilo prijetno dru\u017eenje v bli\u017enji okrep\u010devalnici Rak v Gornjih Slave\u010dih.<br \/>\nHvala vsem, ki ste bili na ta lep in poseben dan z nami.<\/p>\n<p><a href=\"https:\/\/evang.si\/wp-content\/uploads\/2022\/09\/slaveci_alenka.jpg\"><img loading=\"lazy\" src=\"https:\/\/evang.si\/wp-content\/uploads\/2022\/09\/slaveci_alenka-150x150.jpg\" alt=\"\" width=\"150\" height=\"150\" class=\"alignleft wp-image-1834 size-thumbnail\" srcset=\"https:\/\/evang.si\/wp-content\/uploads\/2022\/09\/slaveci_alenka-150x150.jpg 150w, https:\/\/evang.si\/wp-content\/uploads\/2022\/09\/slaveci_alenka-300x300.jpg 300w, https:\/\/evang.si\/wp-content\/uploads\/2022\/09\/slaveci_alenka-400x400.jpg 400w\" sizes=\"(max-width: 150px) 100vw, 150px\" \/><\/a> <a href=\"https:\/\/evang.si\/wp-content\/uploads\/2022\/09\/slaveci_skof.jpg\"><img loading=\"lazy\" src=\"https:\/\/evang.si\/wp-content\/uploads\/2022\/09\/slaveci_skof-150x150.jpg\" alt=\"\" width=\"150\" height=\"150\" class=\"alignleft wp-image-1835 size-thumbnail\" srcset=\"https:\/\/evang.si\/wp-content\/uploads\/2022\/09\/slaveci_skof-150x150.jpg 150w, https:\/\/evang.si\/wp-content\/uploads\/2022\/09\/slaveci_skof-300x300.jpg 300w, https:\/\/evang.si\/wp-content\/uploads\/2022\/09\/slaveci_skof-400x400.jpg 400w\" sizes=\"(max-width: 150px) 100vw, 150px\" \/><\/a> <a href=\"https:\/\/evang.si\/wp-content\/uploads\/2022\/09\/slaveci_bojan-scaled.jpg\"><img loading=\"lazy\" src=\"https:\/\/evang.si\/wp-content\/uploads\/2022\/09\/slaveci_bojan-150x150.jpg\" alt=\"\" width=\"150\" height=\"150\" class=\"alignleft wp-image-1836 size-thumbnail\" srcset=\"https:\/\/evang.si\/wp-content\/uploads\/2022\/09\/slaveci_bojan-150x150.jpg 150w, https:\/\/evang.si\/wp-content\/uploads\/2022\/09\/slaveci_bojan-300x300.jpg 300w, https:\/\/evang.si\/wp-content\/uploads\/2022\/09\/slaveci_bojan-400x400.jpg 400w\" sizes=\"(max-width: 150px) 100vw, 150px\" \/><\/a> <a href=\"https:\/\/evang.si\/wp-content\/uploads\/2022\/09\/slaveci_klaudija.jpg\"><img loading=\"lazy\" src=\"https:\/\/evang.si\/wp-content\/uploads\/2022\/09\/slaveci_klaudija-150x150.jpg\" alt=\"\" width=\"150\" height=\"150\" class=\"alignleft wp-image-1837 size-thumbnail\" srcset=\"https:\/\/evang.si\/wp-content\/uploads\/2022\/09\/slaveci_klaudija-150x150.jpg 150w, https:\/\/evang.si\/wp-content\/uploads\/2022\/09\/slaveci_klaudija-300x300.jpg 300w, https:\/\/evang.si\/wp-content\/uploads\/2022\/09\/slaveci_klaudija-400x400.jpg 400w\" sizes=\"(max-width: 150px) 100vw, 150px\" \/><\/a> <a href=\"https:\/\/evang.si\/wp-content\/uploads\/2022\/09\/slaveci_publika.jpg\"><img loading=\"lazy\" src=\"https:\/\/evang.si\/wp-content\/uploads\/2022\/09\/slaveci_publika-150x150.jpg\" alt=\"\" width=\"150\" height=\"150\" class=\"alignleft wp-image-1838 size-thumbnail\" srcset=\"https:\/\/evang.si\/wp-content\/uploads\/2022\/09\/slaveci_publika-150x150.jpg 150w, https:\/\/evang.si\/wp-content\/uploads\/2022\/09\/slaveci_publika-300x300.jpg 300w, https:\/\/evang.si\/wp-content\/uploads\/2022\/09\/slaveci_publika-400x400.jpg 400w\" sizes=\"(max-width: 150px) 100vw, 150px\" \/><\/a> <a href=\"https:\/\/evang.si\/wp-content\/uploads\/2022\/09\/slaveci_oltar.jpg\"><img loading=\"lazy\" src=\"https:\/\/evang.si\/wp-content\/uploads\/2022\/09\/slaveci_oltar-150x150.jpg\" alt=\"\" width=\"150\" height=\"150\" class=\"alignleft wp-image-1839 size-thumbnail\" srcset=\"https:\/\/evang.si\/wp-content\/uploads\/2022\/09\/slaveci_oltar-150x150.jpg 150w, https:\/\/evang.si\/wp-content\/uploads\/2022\/09\/slaveci_oltar-300x300.jpg 300w, https:\/\/evang.si\/wp-content\/uploads\/2022\/09\/slaveci_oltar-400x400.jpg 400w\" sizes=\"(max-width: 150px) 100vw, 150px\" \/><\/a> <a href=\"https:\/\/evang.si\/wp-content\/uploads\/2022\/09\/slaveci_zunaj.jpg\"><img loading=\"lazy\" src=\"https:\/\/evang.si\/wp-content\/uploads\/2022\/09\/slaveci_zunaj-150x150.jpg\" alt=\"\" width=\"150\" height=\"150\" class=\"alignleft wp-image-1840 size-thumbnail\" srcset=\"https:\/\/evang.si\/wp-content\/uploads\/2022\/09\/slaveci_zunaj-150x150.jpg 150w, https:\/\/evang.si\/wp-content\/uploads\/2022\/09\/slaveci_zunaj-300x300.jpg 300w, https:\/\/evang.si\/wp-content\/uploads\/2022\/09\/slaveci_zunaj-400x400.jpg 400w\" sizes=\"(max-width: 150px) 100vw, 150px\" \/><\/a><\/p>","protected":false},"excerpt":{"rendered":"<p>\u017densko dru\u0161tvo Evangeli\u010danka je v soboto, 3. septembra 2022, pripravilo posebno pobo\u017enost v cerkvi v Gornjih Slave\u010dih, namenjeno 100. obletnici Evangeli\u010danske cerkve AV v Republiki Sloveniji. Bogoslu\u017eje je vodila duhovnica in predsednica dru\u0161tva Simona Prosi\u010d Filip skupaj z duhovnicama Vladimiro Violeto Mesari\u010d in Judit Andrejek, z glasbenimi vlo\u017eki pa so nastopili Jan Hartman in Marcel<\/p>","protected":false},"author":5,"featured_media":1833,"comment_status":"open","ping_status":"closed","sticky":false,"template":"","format":"standard","meta":[],"categories":[8],"tags":[],"_links":{"self":[{"href":"https:\/\/evang.si\/de\/wp-json\/wp\/v2\/posts\/1830"}],"collection":[{"href":"https:\/\/evang.si\/de\/wp-json\/wp\/v2\/posts"}],"about":[{"href":"https:\/\/evang.si\/de\/wp-json\/wp\/v2\/types\/post"}],"author":[{"embeddable":true,"href":"https:\/\/evang.si\/de\/wp-json\/wp\/v2\/users\/5"}],"replies":[{"embeddable":true,"href":"https:\/\/evang.si\/de\/wp-json\/wp\/v2\/comments?post=1830"}],"version-history":[{"count":5,"href":"https:\/\/evang.si\/de\/wp-json\/wp\/v2\/posts\/1830\/revisions"}],"predecessor-version":[{"id":1843,"href":"https:\/\/evang.si\/de\/wp-json\/wp\/v2\/posts\/1830\/revisions\/1843"}],"wp:featuredmedia":[{"embeddable":true,"href":"https:\/\/evang.si\/de\/wp-json\/wp\/v2\/media\/1833"}],"wp:attachment":[{"href":"https:\/\/evang.si\/de\/wp-json\/wp\/v2\/media?parent=1830"}],"wp:term":[{"taxonomy":"category","embeddable":true,"href":"https:\/\/evang.si\/de\/wp-json\/wp\/v2\/categories?post=1830"},{"taxonomy":"post_tag","embeddable":true,"href":"https:\/\/evang.si\/de\/wp-json\/wp\/v2\/tags?post=1830"}],"curies":[{"name":"wp","href":"https:\/\/api.w.org\/{rel}","templated":true}]}}