{"id":1735,"date":"2022-06-17T20:17:54","date_gmt":"2022-06-17T18:17:54","guid":{"rendered":"https:\/\/evang.si\/?p=1735"},"modified":"2022-06-17T20:19:11","modified_gmt":"2022-06-17T18:19:11","slug":"zahvala-druzine-ernise","status":"publish","type":"post","link":"https:\/\/evang.si\/de\/2022\/06\/17\/zahvala-druzine-ernise\/","title":{"rendered":"Zahvala dru\u017eine Erni\u0161a"},"content":{"rendered":"<p>\u017dalujo\u010da dru\u017eina pokojnega \u010dastnega \u0161kofa mag. Geze Erni\u0161e se vsakemu posamezniku, kakor tudi razli\u010dnim organizacijam, dru\u0161tvom in skupnostim iz domovine in tujine, ki so namesto cvetja in vencev\u00a0 darovali finan\u010dna sredstva, iskreno in s hvale\u017enostjo zahvaljuje. Zbrana sredstva bodo razdeljena na tri enake dele, in sicer za Negovalni oddelek Splo\u0161ne bolni\u0161nice Murska Sobota, sklad Evangeli\u010danskega lista in cerkveno ob\u010dino Moravske Toplice.<\/p>\n<p>Obenem se dru\u017eina iskreno zahvaljuje za vsa izre\u010dena so\u017ealja, podporo in nudeno pomo\u010d v te\u017ekih trenutkih, vsa \u017ealna pisma in vpisom v \u017ealno knjigo kot tudi e-\u017ealno knjigo. Velika zahvala velja Ob\u010dini Moravske Toplice za pomo\u010d pri organizaciji pogreba ter vsem govorkam in govorcem na \u017ealni seji,\u00a0 ki so se mu poklonili z lepimi mislimi in premnogimi skupnimi spomini. Prav tako hvala vsem, ki ste se pri\u0161li poslovit od njega na pogrebni in \u017ealni slovesnosti ter na kraju miru in po\u010ditka.<\/p>\n<p>Posebna zahvala gre zdravstvenemu osebju kakor tudi vodstvu Splo\u0161ne bolni\u0161nice Murska Sobota. S hvale\u017enostjo ostaja v na\u0161ih mislih zdravstveno osebje intenzivne nege in negovalnega oddelka. Skrb za pokojnega je bila vedno na najvi\u0161ji strokovni ravni in polna \u010dlove\u0161ke topline. Prav tako je dru\u017eina ves ta \u010das \u010dutila vso podporo.<\/p>\n<p>Zahvala pa gre prav tako vodstvu Evangeli\u010danske cerkve na Slovenskem \u0161kofu Leonu Novaku, in\u0161pektorju Bojanu Prosi\u010du in celotnemu zboru duhovnic in duhovnikov, kakor tudi posameznim cerkvenim ob\u010dinam, posebej cerkveni ob\u010dini Moravske Toplice. Vse molitve posameznikov, kakor tudi skupnosti, so bile dru\u017eini v veliko duhovno oporo.<\/p>\n<p>Dru\u017eina izreka zahvalo tudi ge. Klaudiji Sedar in ge. Simoni Vu\u010dak, ki sta z vso skrbnostjo pomagali pri povezovanju \u017ealne seje ter organizaciji pogreba, kakor tudi me\u0161anemu pevskemu zboru Cantate in pevskemu zboru CO Moravske Toplice ter duetu Duo Mystica, Moniki Novak in Miranu \u010carniju, za glasbene vlo\u017eke.<\/p>\n<p>Dru\u017eina se od svojega dragega pokojnika poslavlja z veliko bole\u010dino v srcu, a s hvale\u017enostjo Bogu za vse blagoslovljene skupne trenutke.<\/p>\n<p>Dru\u017eina Erni\u0161a<\/p>","protected":false},"excerpt":{"rendered":"<p>\u017dalujo\u010da dru\u017eina pokojnega \u010dastnega \u0161kofa mag. Geze Erni\u0161e se vsakemu posamezniku, kakor tudi razli\u010dnim organizacijam, dru\u0161tvom in skupnostim iz domovine in tujine, ki so namesto cvetja in vencev\u00a0 darovali finan\u010dna sredstva, iskreno in s hvale\u017enostjo zahvaljuje. Zbrana sredstva bodo razdeljena na tri enake dele, in sicer za Negovalni oddelek Splo\u0161ne bolni\u0161nice Murska Sobota, sklad Evangeli\u010danskega<\/p>","protected":false},"author":5,"featured_media":1736,"comment_status":"open","ping_status":"closed","sticky":false,"template":"","format":"standard","meta":[],"categories":[41],"tags":[],"_links":{"self":[{"href":"https:\/\/evang.si\/de\/wp-json\/wp\/v2\/posts\/1735"}],"collection":[{"href":"https:\/\/evang.si\/de\/wp-json\/wp\/v2\/posts"}],"about":[{"href":"https:\/\/evang.si\/de\/wp-json\/wp\/v2\/types\/post"}],"author":[{"embeddable":true,"href":"https:\/\/evang.si\/de\/wp-json\/wp\/v2\/users\/5"}],"replies":[{"embeddable":true,"href":"https:\/\/evang.si\/de\/wp-json\/wp\/v2\/comments?post=1735"}],"version-history":[{"count":3,"href":"https:\/\/evang.si\/de\/wp-json\/wp\/v2\/posts\/1735\/revisions"}],"predecessor-version":[{"id":1739,"href":"https:\/\/evang.si\/de\/wp-json\/wp\/v2\/posts\/1735\/revisions\/1739"}],"wp:featuredmedia":[{"embeddable":true,"href":"https:\/\/evang.si\/de\/wp-json\/wp\/v2\/media\/1736"}],"wp:attachment":[{"href":"https:\/\/evang.si\/de\/wp-json\/wp\/v2\/media?parent=1735"}],"wp:term":[{"taxonomy":"category","embeddable":true,"href":"https:\/\/evang.si\/de\/wp-json\/wp\/v2\/categories?post=1735"},{"taxonomy":"post_tag","embeddable":true,"href":"https:\/\/evang.si\/de\/wp-json\/wp\/v2\/tags?post=1735"}],"curies":[{"name":"wp","href":"https:\/\/api.w.org\/{rel}","templated":true}]}}