{"id":1357,"date":"2022-01-25T21:37:56","date_gmt":"2022-01-25T20:37:56","guid":{"rendered":"https:\/\/evang.si\/?p=1357"},"modified":"2022-12-09T09:13:13","modified_gmt":"2022-12-09T08:13:13","slug":"ekumensko-bogosluzje-v-evangelicanski-cerkvi-martina-luthra-murska-sobota","status":"publish","type":"post","link":"https:\/\/evang.si\/de\/2022\/01\/25\/ekumensko-bogosluzje-v-evangelicanski-cerkvi-martina-luthra-murska-sobota\/","title":{"rendered":"Ekumensko bogoslu\u017eje v evangeli\u010danski cerkvi Martina Luthra Murska Sobota"},"content":{"rendered":"<p>V Tednu molitve za edinost kristjanov, ki je potekalo pod geslom oziroma glavno mislijo <em>\u00bbVideli smo, da je vz\u0161la njegova zvezda, in smo se mu pri\u0161li poklonit\u00ab (Mt 2,2), <\/em>je v evangeli\u010danski cerkvi Martina Luthra v Murski Soboti v nedeljo, 23. januarja 2022, potekalo ekumensko bogoslu\u017eje. Vodili so ga murskosobo\u0161ki \u0161kof msgr. dr. Peter \u0160tumpf, superintendent dr. Daniel Grabar in evangeli\u010danski \u0161kof mag. Leon Novak. Pridigal je apostolski nuncij msgr. Jean-Marie Speich, ki se je pri svojem govoru osredinil na Matejev evangelij (2, 1-12).<\/p>\n<p>Izbrana misel oznanja upanje, saj govori o lu\u010di, po kateri vsi hrepenimo, ko do\u017eivljamo temo preizku\u0161enj in kriz. Zvezda na nebu nad Judejo, ki so jo ugledali modri z Vzhoda, je znamenje upanja. Vodila jih je \u0161e k ve\u010dji lu\u010di, ki je Jezus, nova lu\u010d, ki razsvetljuje vsakega \u010dloveka. V na\u0161o temo je vstopil s svojim u\u010dlove\u010denjem in \u0161e globje s svojo velikono\u010dno skrivnostjo. Poslanstvo cerkve, nas kristjanov je danes v tem, da smo zvezda, ki razsvetljuje pot k Jezusu. Le tako bomo znamenje upanja in Bo\u017eje navzo\u010dnosti (Dolenc, B. Teden molitve za edinost kristjanov. <em>Ekumenska zbirka Sre\u010danja 57<\/em>, 2022, str. 3).<\/p>\n<p>Po bogoslu\u017eju so se verski voditelji sprehodili po mestu do spominskega obele\u017eja na mestu nekdanje sinagoge, kjer so polo\u017eili venec kot spomin na nekdanje some\u0161\u010dane, ki so bili del judovske skupnosti in mnogi od njih tudi odpeljani v koncentracijska tabori\u0161\u010da. S tem dejanjem so se obenem poklonili ob minulem Svetovnem dnevu v spomin na \u017ertve holokavsta. Ekumenski sprehodi v Murski Soboti izhajajo iz tradicije pred stotimi leti in to tradicijo so za\u010deli obujati v decembru preteklega leta ter bodo z njimi v prihodnje tudi nadaljevali.<\/p>\n<p><a href=\"https:\/\/evang.si\/wp-content\/uploads\/2022\/01\/ekumensko_prihod_v_cerkev-2-e1645304846782.jpg\"><img loading=\"lazy\" src=\"https:\/\/evang.si\/wp-content\/uploads\/2022\/01\/ekumensko_prihod_v_cerkev-2-e1645304846782-300x222.jpg\" alt=\"\" width=\"300\" height=\"222\" class=\"alignnone wp-image-1425 size-medium\" srcset=\"https:\/\/evang.si\/wp-content\/uploads\/2022\/01\/ekumensko_prihod_v_cerkev-2-e1645304846782-300x222.jpg 300w, https:\/\/evang.si\/wp-content\/uploads\/2022\/01\/ekumensko_prihod_v_cerkev-2-e1645304846782-768x568.jpg 768w, https:\/\/evang.si\/wp-content\/uploads\/2022\/01\/ekumensko_prihod_v_cerkev-2-e1645304846782-1536x1136.jpg 1536w, https:\/\/evang.si\/wp-content\/uploads\/2022\/01\/ekumensko_prihod_v_cerkev-2-e1645304846782-16x12.jpg 16w, https:\/\/evang.si\/wp-content\/uploads\/2022\/01\/ekumensko_prihod_v_cerkev-2-e1645304846782-624x462.jpg 624w, https:\/\/evang.si\/wp-content\/uploads\/2022\/01\/ekumensko_prihod_v_cerkev-2-e1645304846782.jpg 1548w\" sizes=\"(max-width: 300px) 100vw, 300px\" \/><\/a> \u00a0<a href=\"https:\/\/evang.si\/wp-content\/uploads\/2022\/01\/sprehod_pred_cerkvijo.jpg\"><img loading=\"lazy\" src=\"https:\/\/evang.si\/wp-content\/uploads\/2022\/01\/sprehod_pred_cerkvijo-300x241.jpg\" alt=\"\" width=\"276\" height=\"222\" class=\"alignnone wp-image-1420\" srcset=\"https:\/\/evang.si\/wp-content\/uploads\/2022\/01\/sprehod_pred_cerkvijo-300x241.jpg 300w, https:\/\/evang.si\/wp-content\/uploads\/2022\/01\/sprehod_pred_cerkvijo-15x12.jpg 15w, https:\/\/evang.si\/wp-content\/uploads\/2022\/01\/sprehod_pred_cerkvijo-624x501.jpg 624w, https:\/\/evang.si\/wp-content\/uploads\/2022\/01\/sprehod_pred_cerkvijo.jpg 740w\" sizes=\"(max-width: 276px) 100vw, 276px\" \/><\/a> <a href=\"https:\/\/evang.si\/wp-content\/uploads\/2022\/01\/pred_spomenikom-scaled.jpg\"><img loading=\"lazy\" src=\"https:\/\/evang.si\/wp-content\/uploads\/2022\/01\/pred_spomenikom-300x225.jpg\" alt=\"\" width=\"300\" height=\"225\" class=\"alignnone wp-image-1421 size-medium\" srcset=\"https:\/\/evang.si\/wp-content\/uploads\/2022\/01\/pred_spomenikom-300x225.jpg 300w, https:\/\/evang.si\/wp-content\/uploads\/2022\/01\/pred_spomenikom-768x576.jpg 768w, https:\/\/evang.si\/wp-content\/uploads\/2022\/01\/pred_spomenikom-1536x1151.jpg 1536w, https:\/\/evang.si\/wp-content\/uploads\/2022\/01\/pred_spomenikom-2048x1535.jpg 2048w, https:\/\/evang.si\/wp-content\/uploads\/2022\/01\/pred_spomenikom-16x12.jpg 16w, https:\/\/evang.si\/wp-content\/uploads\/2022\/01\/pred_spomenikom-624x468.jpg 624w\" sizes=\"(max-width: 300px) 100vw, 300px\" \/><\/a><\/p>\n<p>&nbsp;<\/p>\n<p>&nbsp;<\/p>","protected":false},"excerpt":{"rendered":"<p>V Tednu molitve za edinost kristjanov, ki je potekalo pod geslom oziroma glavno mislijo \u00bbVideli smo, da je vz\u0161la njegova zvezda, in smo se mu pri\u0161li poklonit\u00ab (Mt 2,2), je v evangeli\u010danski cerkvi Martina Luthra v Murski Soboti v nedeljo, 23. januarja 2022, potekalo ekumensko bogoslu\u017eje. Vodili so ga murskosobo\u0161ki \u0161kof msgr. dr. Peter \u0160tumpf,<\/p>","protected":false},"author":5,"featured_media":1419,"comment_status":"closed","ping_status":"closed","sticky":false,"template":"","format":"standard","meta":[],"categories":[8,1],"tags":[],"_links":{"self":[{"href":"https:\/\/evang.si\/de\/wp-json\/wp\/v2\/posts\/1357"}],"collection":[{"href":"https:\/\/evang.si\/de\/wp-json\/wp\/v2\/posts"}],"about":[{"href":"https:\/\/evang.si\/de\/wp-json\/wp\/v2\/types\/post"}],"author":[{"embeddable":true,"href":"https:\/\/evang.si\/de\/wp-json\/wp\/v2\/users\/5"}],"replies":[{"embeddable":true,"href":"https:\/\/evang.si\/de\/wp-json\/wp\/v2\/comments?post=1357"}],"version-history":[{"count":9,"href":"https:\/\/evang.si\/de\/wp-json\/wp\/v2\/posts\/1357\/revisions"}],"predecessor-version":[{"id":2043,"href":"https:\/\/evang.si\/de\/wp-json\/wp\/v2\/posts\/1357\/revisions\/2043"}],"wp:featuredmedia":[{"embeddable":true,"href":"https:\/\/evang.si\/de\/wp-json\/wp\/v2\/media\/1419"}],"wp:attachment":[{"href":"https:\/\/evang.si\/de\/wp-json\/wp\/v2\/media?parent=1357"}],"wp:term":[{"taxonomy":"category","embeddable":true,"href":"https:\/\/evang.si\/de\/wp-json\/wp\/v2\/categories?post=1357"},{"taxonomy":"post_tag","embeddable":true,"href":"https:\/\/evang.si\/de\/wp-json\/wp\/v2\/tags?post=1357"}],"curies":[{"name":"wp","href":"https:\/\/api.w.org\/{rel}","templated":true}]}}